{"id":2551,"date":"2024-04-26T13:23:41","date_gmt":"2024-04-26T16:23:41","guid":{"rendered":"https:\/\/diarioparanaense.com\/?p=2551"},"modified":"2024-04-26T13:23:42","modified_gmt":"2024-04-26T16:23:42","slug":"cleber-e-cauan-e-lauana-prado-lancam-parceria-inedita-ouca-voltinha","status":"publish","type":"post","link":"https:\/\/diarioparanaense.com\/?p=2551","title":{"rendered":"Cleber e Cauan e Lauana Prado lan\u00e7am parceria in\u00e9dita, ou\u00e7a \u2018Voltinha\u2019"},"content":{"rendered":"\n<p class=\"has-medium-font-size\">M\u00fasica e videoclipe j\u00e1 est\u00e3o dispon\u00edveis em todas as plataformas digitais<\/p>\n\n\n\n<p>Dando continuidade aos lan\u00e7amentos do DVD rec\u00e9m gravado e intitulado \u201cSa\u00fade Mental\u201d, a dupla sertaneja Cleber e Cauan est\u00e1 lan\u00e7ando hoje, dia 26, a parceria in\u00e9dita com a cantora Lauana Prado. A m\u00fasica \u201cVoltinha\u201d j\u00e1 est\u00e1 dispon\u00edvel em todas as plataformas digitais e o videoclipe tamb\u00e9m est\u00e1 dispon\u00edvel no canal oficial do YouTube.<\/p>\n\n\n\n<p>Prometendo conquistar o cora\u00e7\u00e3o dos f\u00e3s de m\u00fasica sertaneja, a colabora\u00e7\u00e3o entre os artistas resulta numa combina\u00e7\u00e3o perfeita de estilos musicais com uma letra que captura e fala sobre amores e relacionamentos modernos; al\u00e9m de trazer uma melodia envolvente e cativante repleta de energia. &#8220;Estamos muito felizes com o lan\u00e7amento de \u201cVoltinha\u201d e animados para compartilhar essa m\u00fasica t\u00e3o especial com nossos f\u00e3s. Trabalhar com a Lauana Prado foi incr\u00edvel, ela \u00e9 uma amiga querida, uma artista impec\u00e1vel e talentos\u00edssima que acompanhamos desde o in\u00edcio da carreira. Queremos muito saber o que os nossos f\u00e3s v\u00e3o achar dessa moda!\u201d, comentam Cleber e Cauan. Foi uma honra pra mim gravar \u201cVoltinha\u201d com meus amigos Cleber e Cauan, uma parceria incr\u00edvel! Essa moda vem com tudo, pra fazer o \u201cpau cair da f\u00f4ia\u201d. Voc\u00eas v\u00e3o amar!&#8221;, comenta Lauana Prado.<\/p>\n\n\n\n<p>Vale ressaltar que essa faixa faz parte do DVD \u201cSa\u00fade Mental\u201d. Gravado no in\u00edcio deste ano em Goi\u00e2nia\/GO, o projeto deu in\u00edcio a uma nova fase e evidencia o potencial do repert\u00f3rio, talento e carisma da dupla; e traz tamb\u00e9m outras participa\u00e7\u00f5es especiais e grandes vozes, como Manu Bahtid\u00e3o, Naiara Azevedo, Grego, Humberto &amp; Ronaldo e Diego&nbsp;&amp;&nbsp;Arnaldo.<\/p>\n","protected":false},"excerpt":{"rendered":"<p>M\u00fasica e videoclipe j\u00e1 est\u00e3o dispon\u00edveis em todas as plataformas digitais Dando continuidade aos lan\u00e7amentos do DVD rec\u00e9m gravado e intitulado \u201cSa\u00fade Mental\u201d, a dupla sertaneja Cleber e Cauan est\u00e1 lan\u00e7ando hoje, dia 26, a parceria in\u00e9dita com a cantora Lauana Prado. A m\u00fasica \u201cVoltinha\u201d j\u00e1 est\u00e1 dispon\u00edvel em todas as plataformas digitais e o [&hellip;]<\/p>\n","protected":false},"author":1,"featured_media":2552,"comment_status":"open","ping_status":"open","sticky":false,"template":"","format":"standard","meta":{"footnotes":""},"categories":[27],"tags":[],"class_list":["post-2551","post","type-post","status-publish","format-standard","has-post-thumbnail","hentry","category-musica"],"_links":{"self":[{"href":"https:\/\/diarioparanaense.com\/index.php?rest_route=\/wp\/v2\/posts\/2551","targetHints":{"allow":["GET"]}}],"collection":[{"href":"https:\/\/diarioparanaense.com\/index.php?rest_route=\/wp\/v2\/posts"}],"about":[{"href":"https:\/\/diarioparanaense.com\/index.php?rest_route=\/wp\/v2\/types\/post"}],"author":[{"embeddable":true,"href":"https:\/\/diarioparanaense.com\/index.php?rest_route=\/wp\/v2\/users\/1"}],"replies":[{"embeddable":true,"href":"https:\/\/diarioparanaense.com\/index.php?rest_route=%2Fwp%2Fv2%2Fcomments&post=2551"}],"version-history":[{"count":1,"href":"https:\/\/diarioparanaense.com\/index.php?rest_route=\/wp\/v2\/posts\/2551\/revisions"}],"predecessor-version":[{"id":2553,"href":"https:\/\/diarioparanaense.com\/index.php?rest_route=\/wp\/v2\/posts\/2551\/revisions\/2553"}],"wp:featuredmedia":[{"embeddable":true,"href":"https:\/\/diarioparanaense.com\/index.php?rest_route=\/wp\/v2\/media\/2552"}],"wp:attachment":[{"href":"https:\/\/diarioparanaense.com\/index.php?rest_route=%2Fwp%2Fv2%2Fmedia&parent=2551"}],"wp:term":[{"taxonomy":"category","embeddable":true,"href":"https:\/\/diarioparanaense.com\/index.php?rest_route=%2Fwp%2Fv2%2Fcategories&post=2551"},{"taxonomy":"post_tag","embeddable":true,"href":"https:\/\/diarioparanaense.com\/index.php?rest_route=%2Fwp%2Fv2%2Ftags&post=2551"}],"curies":[{"name":"wp","href":"https:\/\/api.w.org\/{rel}","templated":true}]}}