{"id":2544,"date":"2024-04-25T15:07:34","date_gmt":"2024-04-25T18:07:34","guid":{"rendered":"https:\/\/diarioparanaense.com\/?p=2544"},"modified":"2024-04-25T15:07:34","modified_gmt":"2024-04-25T18:07:34","slug":"com-tecnologia-imersiva-rafyah-lanca-mais-um-capitulo-de-seu-ep-em-paciencia","status":"publish","type":"post","link":"https:\/\/diarioparanaense.com\/?p=2544","title":{"rendered":"Com tecnologia imersiva, Rafyah lan\u00e7a mais um cap\u00edtulo de seu EP em \u201cPaci\u00eancia\u201d"},"content":{"rendered":"\n<p class=\"has-medium-font-size\">Faixa faz parte de seu novo projeto e cont\u00e9m influ\u00eancias de reggae, rap e pop, al\u00e9m de integrar projeto visual.<\/p>\n\n\n\n<p>O cantor e compositor Rafyah quer te colocar para pensar em mais um hit, o single \u201cPaci\u00eancia\u201d, produzido e composto pelo pr\u00f3prio e com lan\u00e7amento previsto para 26 de abril com um foco na sa\u00fade mental e manter sua energia alta, mesmo com os desafios do dia a dia e as interfer\u00eancias externas.<\/p>\n\n\n\n<p>Mas, n\u00e3o \u00e9 apenas isto! A faixa foi mixada com uma tecnologia Dolby Atmos, usada nas melhores experi\u00eancias imersivas, criando uma esfera envolvente e te colocando em uma esfera sonora dentro da faixa e em seu ecossistema sonoro.<\/p>\n\n\n\n<p>A produ\u00e7\u00e3o refinada ficou a cargo da Blessed Records e com a distribui\u00e7\u00e3o da Sound System Brazil, que tamb\u00e9m s\u00e3o parceiras em seu grande lan\u00e7amento que deve chegar em 2024.<\/p>\n\n\n\n<p>Rafyah aposta na can\u00e7\u00e3o com muitas influ\u00eancias que v\u00e3o desde o reggae, rap e at\u00e9 o pop rock. O artista contou que a faixa quer trazer aquela sensa\u00e7\u00e3o de plenitude e manter o pr\u00f3prio padr\u00e3o vibrat\u00f3rio, sem interfer\u00eancias de quem vibra negativo:<\/p>\n\n\n\n<p>\u201cEssa m\u00fasica traz a aten\u00e7\u00e3o a n\u00e3o nos deixarmos influenciar pelas vibra\u00e7\u00f5es negativas de terceiros, assim garantido que seu padr\u00e3o vibrat\u00f3rio n\u00e3o seja afetado e continue \u00edntegro\u201d, contou Rafyah.<\/p>\n\n\n\n<p>Dias de luta<\/p>\n\n\n\n<p>Al\u00e9m da letra assinada pelo artista, o cantor tamb\u00e9m dirige o clipe com um charme especial: ao som do seu novo hit, ele explora a vida de um lutador de boxe e das suas motiva\u00e7\u00f5es para superar as dificuldades, contando, inclusive, sobre o bullying que sofreu na inf\u00e2ncia.<\/p>\n\n\n\n<p>EP Visual<\/p>\n\n\n\n<p>Al\u00e9m de \u201cPaci\u00eancia\u201d e \u201cTantas Vezes\u201d, o seu pr\u00f3ximo EP contar\u00e1 com 6 faixas e vai misturar ritmos potentes, como Afrobeat, Rap, Rock, R&amp;B e, claro, Pop Music.<\/p>\n\n\n\n<p>Ele tamb\u00e9m quer contar essa hist\u00f3ria visualmente, tanto que todas as faixas contar\u00e3o com um clipe e um lyric video para cada. H\u00e9lio Bentes, do Ponto de Equil\u00edbrio, Ari, do Cone Crew Diretoria, e o jamaicano Michael Thompson s\u00e3o as participa\u00e7\u00f5es especiais do projeto.<\/p>\n\n\n\n<p>Rafyah j\u00e1 adianta que quer levar o lan\u00e7amento de seu \u00e1lbum em uma turn\u00ea pelo Brasil e realizar os lan\u00e7amentos dos clipes ao longo&nbsp;deste&nbsp;ano.<\/p>\n","protected":false},"excerpt":{"rendered":"<p>Faixa faz parte de seu novo projeto e cont\u00e9m influ\u00eancias de reggae, rap e pop, al\u00e9m de integrar projeto visual. O cantor e compositor Rafyah quer te colocar para pensar em mais um hit, o single \u201cPaci\u00eancia\u201d, produzido e composto pelo pr\u00f3prio e com lan\u00e7amento previsto para 26 de abril com um foco na sa\u00fade [&hellip;]<\/p>\n","protected":false},"author":1,"featured_media":2545,"comment_status":"open","ping_status":"open","sticky":false,"template":"","format":"standard","meta":{"footnotes":""},"categories":[27],"tags":[],"class_list":["post-2544","post","type-post","status-publish","format-standard","has-post-thumbnail","hentry","category-musica"],"_links":{"self":[{"href":"https:\/\/diarioparanaense.com\/index.php?rest_route=\/wp\/v2\/posts\/2544","targetHints":{"allow":["GET"]}}],"collection":[{"href":"https:\/\/diarioparanaense.com\/index.php?rest_route=\/wp\/v2\/posts"}],"about":[{"href":"https:\/\/diarioparanaense.com\/index.php?rest_route=\/wp\/v2\/types\/post"}],"author":[{"embeddable":true,"href":"https:\/\/diarioparanaense.com\/index.php?rest_route=\/wp\/v2\/users\/1"}],"replies":[{"embeddable":true,"href":"https:\/\/diarioparanaense.com\/index.php?rest_route=%2Fwp%2Fv2%2Fcomments&post=2544"}],"version-history":[{"count":1,"href":"https:\/\/diarioparanaense.com\/index.php?rest_route=\/wp\/v2\/posts\/2544\/revisions"}],"predecessor-version":[{"id":2546,"href":"https:\/\/diarioparanaense.com\/index.php?rest_route=\/wp\/v2\/posts\/2544\/revisions\/2546"}],"wp:featuredmedia":[{"embeddable":true,"href":"https:\/\/diarioparanaense.com\/index.php?rest_route=\/wp\/v2\/media\/2545"}],"wp:attachment":[{"href":"https:\/\/diarioparanaense.com\/index.php?rest_route=%2Fwp%2Fv2%2Fmedia&parent=2544"}],"wp:term":[{"taxonomy":"category","embeddable":true,"href":"https:\/\/diarioparanaense.com\/index.php?rest_route=%2Fwp%2Fv2%2Fcategories&post=2544"},{"taxonomy":"post_tag","embeddable":true,"href":"https:\/\/diarioparanaense.com\/index.php?rest_route=%2Fwp%2Fv2%2Ftags&post=2544"}],"curies":[{"name":"wp","href":"https:\/\/api.w.org\/{rel}","templated":true}]}}