{"id":2543,"date":"2024-04-25T15:08:20","date_gmt":"2024-04-25T18:08:20","guid":{"rendered":"https:\/\/diarioparanaense.com\/?p=2543"},"modified":"2024-04-25T15:08:21","modified_gmt":"2024-04-25T18:08:21","slug":"valnei-aine-lanca-a-letra-perfeita-faixa-com-mensagem-marcante-e-participacao-de-os-paralamas-do-sucesso","status":"publish","type":"post","link":"https:\/\/diarioparanaense.com\/?p=2543","title":{"rendered":"Valnei Ain\u00ea lan\u00e7a &#8220;A Letra Perfeita&#8221;, faixa com mensagem marcante e participa\u00e7\u00e3o de Os Paralamas do Sucesso"},"content":{"rendered":"\n<p class=\"has-medium-font-size\">A can\u00e7\u00e3o chega \u00e0s plataformas na sexta-feira, dia 26, acompanhada de lyric video.<\/p>\n\n\n\n<p>O cantor e compositor Valnei Ain\u00ea se prepara para lan\u00e7ar a m\u00fasica &#8220;A Letra Perfeita&#8221;, uma can\u00e7\u00e3o que celebra a import\u00e2ncia da mensagem contida em uma can\u00e7\u00e3o com participa\u00e7\u00e3o especial da lend\u00e1ria banda Os Paralamas do Sucesso, ser\u00e1 lan\u00e7ada no dia 26 pela Cl\u00e3 M\u00fasica e V\u00eddeo.<\/p>\n\n\n\n<p>&#8220;A Letra Perfeita&#8221; fala sobre o exerc\u00edcio, o prazer e a responsabilidade do processo da composi\u00e7\u00e3o, tentando chegar a uma letra perfeita, mesmo que o processo passe por v\u00e1rias interpreta\u00e7\u00f5es e provocando diferentes emo\u00e7\u00f5es naqueles que a ouvem.<\/p>\n\n\n\n<p>Com objetivo de transmitir mensagens importantes e se conectar com as pessoas em um n\u00edvel profundo, a can\u00e7\u00e3o \u00e9 um hino \u00e0 express\u00e3o art\u00edstica e \u00e0 liberdade de usar a m\u00fasica como ferramenta para o bem. &#8220;Tem como tema a import\u00e2ncia da mensagem passada atrav\u00e9s da can\u00e7\u00e3o a relev\u00e2ncia do tema, e a import\u00e2ncia de ouvir a voz do cora\u00e7\u00e3o.&#8221;, explica Valnei.<\/p>\n\n\n\n<p>&#8220;\u00c9 exatamente o que eu falo na m\u00fasica. Quando digo que sei que existem v\u00e1rias interpreta\u00e7\u00f5es para os mesmos sentimentos e emo\u00e7\u00f5es, e o instinto coletivo move rela\u00e7\u00f5es, falo do desafio de descrever os mesmos sentimentos de forma criativa. \u00c9 o desafio da minha forma. O artista quer isso. Temas universais. A gente quer atingir todo mundo. Qual \u00e9 a f\u00f3rmula para isso? Falar de temas universais sem ser repetitivo.&#8221;, acrescenta.<\/p>\n\n\n\n<p>Para dar ainda mais for\u00e7a \u00e0 sua mensagem, Valnei Ain\u00ea convidou a banda Os Paralamas do Sucesso para participar da grava\u00e7\u00e3o de &#8220;A Letra Perfeita&#8221;. A uni\u00e3o de dois grandes nomes da m\u00fasica brasileira promete resultar em uma can\u00e7\u00e3o memor\u00e1vel que ir\u00e1 tocar o cora\u00e7\u00e3o de muitos.<\/p>\n\n\n\n<p><strong>Sobre Valnei Ain\u00ea<\/strong><\/p>\n\n\n\n<p>Valnei Ain\u00ea se destaca como um dos principais nomes do reggae brasileiro, construindo uma carreira s\u00f3lida e vitoriosa ao longo dos anos. Sua jornada musical teve in\u00edcio em 1996, quando se tornou vocalista da banda &#8220;Negril&#8221;. Nessa fase, gravou o primeiro \u00e1lbum hom\u00f4nimo do grupo, lan\u00e7ado pela Polygram (atual Universal), que marcou o in\u00edcio de sua trajet\u00f3ria art\u00edstica.<\/p>\n\n\n\n<p>O sucesso da banda &#8220;Negril&#8221; se consolidou com o segundo \u00e1lbum, &#8220;A Outra Margem do Rio&#8221;, lan\u00e7ado pela BMG e produzido por Herbert Vianna. Esse trabalho rendeu grande visibilidade ao grupo e os levou \u00e0 indica\u00e7\u00e3o para o pr\u00eamio de banda revela\u00e7\u00e3o da MTV, ao lado de nomes como &#8220;Los Hermanos&#8221;.<\/p>\n\n\n\n<p>Em 2001, Valnei Ain\u00ea teve a oportunidade de se apresentar no Rock in Rio, na tenda Brasil, espa\u00e7o dedicado \u00e0 m\u00fasica pop brasileira. Essa participa\u00e7\u00e3o representou um marco importante em sua carreira, consolidando seu nome como um dos principais artistas do reggae nacional.<\/p>\n\n\n\n<p>Al\u00e9m de sua carreira solo, Valnei Ain\u00ea se destaca por suas colabora\u00e7\u00f5es com grandes nomes da m\u00fasica brasileira. No projeto &#8220;Reggae B&#8221;, idealizado pelo baixista Bi Ribeiro, Valnei interpreta cl\u00e1ssicos do reggae dos anos oitenta e noventa, dividindo o palco com artistas renomados como Nando Reis, Fernanda Abreu, Vanessa da Mata, Arnaldo Antunes, Samuel Rosa, Frejat e&nbsp;Marcelo&nbsp;Camelo.<\/p>\n","protected":false},"excerpt":{"rendered":"<p>A can\u00e7\u00e3o chega \u00e0s plataformas na sexta-feira, dia 26, acompanhada de lyric video. O cantor e compositor Valnei Ain\u00ea se prepara para lan\u00e7ar a m\u00fasica &#8220;A Letra Perfeita&#8221;, uma can\u00e7\u00e3o que celebra a import\u00e2ncia da mensagem contida em uma can\u00e7\u00e3o com participa\u00e7\u00e3o especial da lend\u00e1ria banda Os Paralamas do Sucesso, ser\u00e1 lan\u00e7ada no dia 26 [&hellip;]<\/p>\n","protected":false},"author":1,"featured_media":2547,"comment_status":"open","ping_status":"open","sticky":false,"template":"","format":"standard","meta":{"footnotes":""},"categories":[27],"tags":[],"class_list":["post-2543","post","type-post","status-publish","format-standard","has-post-thumbnail","hentry","category-musica"],"_links":{"self":[{"href":"https:\/\/diarioparanaense.com\/index.php?rest_route=\/wp\/v2\/posts\/2543","targetHints":{"allow":["GET"]}}],"collection":[{"href":"https:\/\/diarioparanaense.com\/index.php?rest_route=\/wp\/v2\/posts"}],"about":[{"href":"https:\/\/diarioparanaense.com\/index.php?rest_route=\/wp\/v2\/types\/post"}],"author":[{"embeddable":true,"href":"https:\/\/diarioparanaense.com\/index.php?rest_route=\/wp\/v2\/users\/1"}],"replies":[{"embeddable":true,"href":"https:\/\/diarioparanaense.com\/index.php?rest_route=%2Fwp%2Fv2%2Fcomments&post=2543"}],"version-history":[{"count":1,"href":"https:\/\/diarioparanaense.com\/index.php?rest_route=\/wp\/v2\/posts\/2543\/revisions"}],"predecessor-version":[{"id":2548,"href":"https:\/\/diarioparanaense.com\/index.php?rest_route=\/wp\/v2\/posts\/2543\/revisions\/2548"}],"wp:featuredmedia":[{"embeddable":true,"href":"https:\/\/diarioparanaense.com\/index.php?rest_route=\/wp\/v2\/media\/2547"}],"wp:attachment":[{"href":"https:\/\/diarioparanaense.com\/index.php?rest_route=%2Fwp%2Fv2%2Fmedia&parent=2543"}],"wp:term":[{"taxonomy":"category","embeddable":true,"href":"https:\/\/diarioparanaense.com\/index.php?rest_route=%2Fwp%2Fv2%2Fcategories&post=2543"},{"taxonomy":"post_tag","embeddable":true,"href":"https:\/\/diarioparanaense.com\/index.php?rest_route=%2Fwp%2Fv2%2Ftags&post=2543"}],"curies":[{"name":"wp","href":"https:\/\/api.w.org\/{rel}","templated":true}]}}