{"id":2542,"date":"2024-04-25T15:09:32","date_gmt":"2024-04-25T18:09:32","guid":{"rendered":"https:\/\/diarioparanaense.com\/?p=2542"},"modified":"2024-04-25T15:09:32","modified_gmt":"2024-04-25T18:09:32","slug":"otavio-cillo-lanca-ultima-parte-do-dvd-otavio-cillo-ao-vivo","status":"publish","type":"post","link":"https:\/\/diarioparanaense.com\/?p=2542","title":{"rendered":"Ot\u00e1vio Cillo lan\u00e7a \u00faltima parte do DVD &#8220;Ot\u00e1vio Cillo Ao Vivo&#8221;"},"content":{"rendered":"\n<p class=\"has-medium-font-size\">Cantor apresenta a in\u00e9dita &#8220;Problema de Longe&#8221; e regrava\u00e7\u00f5es em formato pout-pourris, que chega \u00e0s plataformas digitais nesta quinta-feira (25)<\/p>\n\n\n\n<p>O cantor e compositor Ot\u00e1vio Cillo chega nesta quinta-feira (25) em todas as plataformas digitais com o \u00e1lbum completo do audiovisual &#8220;Ot\u00e1vio Cillo Ao Vivo&#8221;.<\/p>\n\n\n\n<p>Nesta \u00faltima parte, ele apresenta para os f\u00e3s a can\u00e7\u00e3o in\u00e9dita, &#8220;Problema de Longe&#8221;, com composi\u00e7\u00e3o de Matheus Costa e Lucas Ing, que vem acompanhado do v\u00eddeo oficial, no YouTube, com estreia agendada para \u00e0s 12h desta sexta-feira (26). Al\u00e9m da faixa foco, o artista traz tamb\u00e9m a regrava\u00e7\u00e3o em formato pot-pourris de &#8220;Sorte Que C\u00ea Beija Bem\/Cora\u00e7\u00e3o Apertado&#8221; e &#8220;Sinal Disfar\u00e7ado\/Humilde Resid\u00eancia&#8221;. Os v\u00eddeos ser\u00e3o disponibilizados no canal do artista nos dias 03 e 10 de maio respectivamente.<\/p>\n\n\n\n<p>&#8220;Problema de Longe&#8221; fala sobre uma garota, que acaba conquistando todos em sua volta e n\u00e3o tem advogado que tire ela do cora\u00e7\u00e3o atingido. Mas, do outro lado existe um outro problema, que sabe reconhecer um problema de longe. &#8220;Sou experiente que eu n\u00e3o nasci ontem \/Sorte que eu me identifico \/J\u00e1 fiz muito isso\/ J\u00e1 enganei de monte\/ Problema reconhece problema de longe&#8221;, canta Ot\u00e1vio em um dos refr\u00f5es.<\/p>\n\n\n\n<p>&#8220;&#8216;Problema de Longe&#8217; \u00e9 diferente de todo o DVD. Foi uma m\u00fasica que achamos boa desde o come\u00e7o, mas deixamos em stand by. Mas, quando colocamos para tocar no carro, que \u00e9 nosso term\u00f4metro, vimos que essa faixa n\u00e3o poderia ficar de fora deste projeto e deixamos ela para encerrar o projeto com chave de ouro&#8221;, destacou Ot\u00e1vio Cillo.<\/p>\n\n\n\n<p>&#8220;Ot\u00e1vio Cillo Ao Vivo&#8221; foi gravado na Villa BBM, em Alphaville, na cidade de Santana de Parna\u00edba (SP), com produ\u00e7\u00e3o de Diego de Souza e dire\u00e7\u00e3o de v\u00eddeo de Will Santos.<\/p>\n\n\n\n<p>&#8220;\u00c9 gratificante demais chegar ao fim deste projeto iniciado ano passado, principalmente vendo a rea\u00e7\u00e3o do p\u00fablico com os lan\u00e7amentos das m\u00fasicas. \u00c9 o fim deste DVD, mas o come\u00e7o de uma nova fase que chegar\u00e1 em breve&#8221;, finaliza&nbsp;o&nbsp;cantor.<\/p>\n","protected":false},"excerpt":{"rendered":"<p>Cantor apresenta a in\u00e9dita &#8220;Problema de Longe&#8221; e regrava\u00e7\u00f5es em formato pout-pourris, que chega \u00e0s plataformas digitais nesta quinta-feira (25) O cantor e compositor Ot\u00e1vio Cillo chega nesta quinta-feira (25) em todas as plataformas digitais com o \u00e1lbum completo do audiovisual &#8220;Ot\u00e1vio Cillo Ao Vivo&#8221;. Nesta \u00faltima parte, ele apresenta para os f\u00e3s a can\u00e7\u00e3o [&hellip;]<\/p>\n","protected":false},"author":1,"featured_media":2549,"comment_status":"open","ping_status":"open","sticky":false,"template":"","format":"standard","meta":{"footnotes":""},"categories":[27],"tags":[],"class_list":["post-2542","post","type-post","status-publish","format-standard","has-post-thumbnail","hentry","category-musica"],"_links":{"self":[{"href":"https:\/\/diarioparanaense.com\/index.php?rest_route=\/wp\/v2\/posts\/2542","targetHints":{"allow":["GET"]}}],"collection":[{"href":"https:\/\/diarioparanaense.com\/index.php?rest_route=\/wp\/v2\/posts"}],"about":[{"href":"https:\/\/diarioparanaense.com\/index.php?rest_route=\/wp\/v2\/types\/post"}],"author":[{"embeddable":true,"href":"https:\/\/diarioparanaense.com\/index.php?rest_route=\/wp\/v2\/users\/1"}],"replies":[{"embeddable":true,"href":"https:\/\/diarioparanaense.com\/index.php?rest_route=%2Fwp%2Fv2%2Fcomments&post=2542"}],"version-history":[{"count":1,"href":"https:\/\/diarioparanaense.com\/index.php?rest_route=\/wp\/v2\/posts\/2542\/revisions"}],"predecessor-version":[{"id":2550,"href":"https:\/\/diarioparanaense.com\/index.php?rest_route=\/wp\/v2\/posts\/2542\/revisions\/2550"}],"wp:featuredmedia":[{"embeddable":true,"href":"https:\/\/diarioparanaense.com\/index.php?rest_route=\/wp\/v2\/media\/2549"}],"wp:attachment":[{"href":"https:\/\/diarioparanaense.com\/index.php?rest_route=%2Fwp%2Fv2%2Fmedia&parent=2542"}],"wp:term":[{"taxonomy":"category","embeddable":true,"href":"https:\/\/diarioparanaense.com\/index.php?rest_route=%2Fwp%2Fv2%2Fcategories&post=2542"},{"taxonomy":"post_tag","embeddable":true,"href":"https:\/\/diarioparanaense.com\/index.php?rest_route=%2Fwp%2Fv2%2Ftags&post=2542"}],"curies":[{"name":"wp","href":"https:\/\/api.w.org\/{rel}","templated":true}]}}