{"id":2519,"date":"2024-04-23T16:10:41","date_gmt":"2024-04-23T19:10:41","guid":{"rendered":"https:\/\/diarioparanaense.com\/?p=2519"},"modified":"2024-04-23T16:25:51","modified_gmt":"2024-04-23T19:25:51","slug":"como-ficam-os-meus-investimentos-agora-que-os-juros-estao-caindo","status":"publish","type":"post","link":"https:\/\/diarioparanaense.com\/?p=2519","title":{"rendered":"Como ficam os meus investimentos, agora que os juros est\u00e3o caindo?"},"content":{"rendered":"\n<p class=\"has-medium-font-size\">Uma an\u00e1lise do cen\u00e1rio atual por Daliane Po\u00e7as<\/p>\n\n\n\n<p>Em meio a conjuntura econ\u00f4mica brasileira atual, os investidores t\u00eam se perguntado: como ficam os meus investimentos agora que os juros est\u00e3o caindo? Para responder a essa pergunta, considerando a \u00faltima ata do Comit\u00ea de Pol\u00edtica Monet\u00e1ria (Copom), divulgada no dia 26 de agosto, da reuni\u00e3o que ocorreu nos dias 19 e 20 de mar\u00e7o, pedimos ajuda a economista Daliane Po\u00e7as.<\/p>\n\n\n\n<p><br>&#8220;De acordo com o Copom, a nova meta da taxa SELIC \u00e9 de 10,75%, representando um corte de 0,5 ponto percentual. O Comit\u00ea sinalizou uma nova redu\u00e7\u00e3o para a pr\u00f3xima reuni\u00e3o, mas aponta pontos a serem observados, incluindo a volatilidade do exterior, debates sobre a flexibiliza\u00e7\u00e3o da pol\u00edtica monet\u00e1ria em pa\u00edses desenvolvidos e o ritmo de queda da infla\u00e7\u00e3o. Internamente, embora o cen\u00e1rio de desinfla\u00e7\u00e3o n\u00e3o tenha divergido do esperado, h\u00e1 uma cautela com o setor de servi\u00e7os&#8221;, diz a economista.<\/p>\n\n\n\n<p><br>Alguns produtos de renda fixa, em particular, s\u00e3o diretamente impactados. T\u00edtulos p\u00f3s-fixados, que acompanham o CDI e, por consequ\u00eancia, a SELIC. Isso inclui alguns Certificados de Dep\u00f3sito Banc\u00e1rio (CDBs), Letras de Cr\u00e9dito Imobili\u00e1rio (LCIs) e Letras de Cr\u00e9dito do Agroneg\u00f3cio (LCAs). A poupan\u00e7a come\u00e7a a ser impactada somente no momento em que a taxa Selic cai para abaixo de 8,5% ao ano (n\u00e3o h\u00e1 proje\u00e7\u00e3o para queda nestes n\u00edveis). Segundo o Boletim Focus, a proje\u00e7\u00e3o para a Selic \u00e9 de encerrar 2024 em 9% e seguir 8,5% ao ano para os pr\u00f3ximos anos.<\/p>\n\n\n\n<p><br>No cen\u00e1rio internacional, os juros nos Estados Unidos atualmente est\u00e3o na faixa de 5,25% a 5,50% desde julho de 2023. A pergunta \u00e9: Quando se iniciar\u00e3o os cortes na taxa de juros Norte americana? As expectativas a respeito ainda s\u00e3o muito vagas, aparentemente o FED \u201cn\u00e3o tem pressa para cortar os juros\u201d. Isto pode fazer dos investimentos em renda fixa desse pa\u00eds, op\u00e7\u00f5es atrativas?\u00c9 importante destacar que este texto descreve um cen\u00e1rio e seus poss\u00edveis impactos, da queda da Selic em alguns produtos de investimentos, e n\u00e3o deve ser tomado como recomenda\u00e7\u00e3o de produtos de investimento.<\/p>\n\n\n\n<p><strong>Servi\u00e7o: Daliane Paula Po\u00e7as Dias<br><\/strong>Economista<br>41 991463914<br>@dali_pocas<\/p>\n","protected":false},"excerpt":{"rendered":"<p>Uma an\u00e1lise do cen\u00e1rio atual por Daliane Po\u00e7as Em meio a conjuntura econ\u00f4mica brasileira atual, os investidores t\u00eam se perguntado: como ficam os meus investimentos agora que os juros est\u00e3o caindo? Para responder a essa pergunta, considerando a \u00faltima ata do Comit\u00ea de Pol\u00edtica Monet\u00e1ria (Copom), divulgada no dia 26 de agosto, da reuni\u00e3o que [&hellip;]<\/p>\n","protected":false},"author":1,"featured_media":2523,"comment_status":"open","ping_status":"open","sticky":false,"template":"","format":"standard","meta":{"footnotes":""},"categories":[324],"tags":[],"class_list":["post-2519","post","type-post","status-publish","format-standard","has-post-thumbnail","hentry","category-negocios"],"_links":{"self":[{"href":"https:\/\/diarioparanaense.com\/index.php?rest_route=\/wp\/v2\/posts\/2519","targetHints":{"allow":["GET"]}}],"collection":[{"href":"https:\/\/diarioparanaense.com\/index.php?rest_route=\/wp\/v2\/posts"}],"about":[{"href":"https:\/\/diarioparanaense.com\/index.php?rest_route=\/wp\/v2\/types\/post"}],"author":[{"embeddable":true,"href":"https:\/\/diarioparanaense.com\/index.php?rest_route=\/wp\/v2\/users\/1"}],"replies":[{"embeddable":true,"href":"https:\/\/diarioparanaense.com\/index.php?rest_route=%2Fwp%2Fv2%2Fcomments&post=2519"}],"version-history":[{"count":3,"href":"https:\/\/diarioparanaense.com\/index.php?rest_route=\/wp\/v2\/posts\/2519\/revisions"}],"predecessor-version":[{"id":2533,"href":"https:\/\/diarioparanaense.com\/index.php?rest_route=\/wp\/v2\/posts\/2519\/revisions\/2533"}],"wp:featuredmedia":[{"embeddable":true,"href":"https:\/\/diarioparanaense.com\/index.php?rest_route=\/wp\/v2\/media\/2523"}],"wp:attachment":[{"href":"https:\/\/diarioparanaense.com\/index.php?rest_route=%2Fwp%2Fv2%2Fmedia&parent=2519"}],"wp:term":[{"taxonomy":"category","embeddable":true,"href":"https:\/\/diarioparanaense.com\/index.php?rest_route=%2Fwp%2Fv2%2Fcategories&post=2519"},{"taxonomy":"post_tag","embeddable":true,"href":"https:\/\/diarioparanaense.com\/index.php?rest_route=%2Fwp%2Fv2%2Ftags&post=2519"}],"curies":[{"name":"wp","href":"https:\/\/api.w.org\/{rel}","templated":true}]}}