{"id":2517,"date":"2024-04-23T16:12:56","date_gmt":"2024-04-23T19:12:56","guid":{"rendered":"https:\/\/diarioparanaense.com\/?p=2517"},"modified":"2024-04-23T16:12:57","modified_gmt":"2024-04-23T19:12:57","slug":"celebrando-o-dia-das-maes-sendo-mae-de-pet","status":"publish","type":"post","link":"https:\/\/diarioparanaense.com\/?p=2517","title":{"rendered":"Celebrando o Dia das M\u00e3es sendo m\u00e3e de pet"},"content":{"rendered":"\n<p class=\"has-medium-font-size\">Amor \u00e9 todo o necess\u00e1rio para caracterizar uma m\u00e3e<\/p>\n\n\n\n<p>Conforme o Dia das M\u00e3es se aproxima, surge a quest\u00e3o: as m\u00e3es de pet tamb\u00e9m merecem comemorar? A resposta \u00e9 um grande si! E existem pesquisas que confirmam tal resultado. A liga\u00e7\u00e3o entre humanos e seus animais de estima\u00e7\u00e3o \u00e9 mais profunda do que se pensava, revelando-se uma fonte de amor e alegria compar\u00e1vel \u00e0 rela\u00e7\u00e3o entre m\u00e3es e beb\u00eas humanos.<\/p>\n\n\n\n<p>A chave para essa liga\u00e7\u00e3o est\u00e1 no horm\u00f4nio ocitocina, conhecido como o &#8220;horm\u00f4nio do amor&#8221;. N\u00e3o apenas presente em humanos, mas tamb\u00e9m em animais sociais como c\u00e3es, ela desempenha um papel crucial na forma\u00e7\u00e3o e manuten\u00e7\u00e3o dos la\u00e7os afetivos. &#8220;Quando os c\u00e3es trocam olhares com seus tutores, ocorre um aumento na concentra\u00e7\u00e3o deste horm\u00f4nio desencadeando comportamentos mais afetuosos e cuidadosos por parte dos humanos&#8221;, diz o gerente do Nosso Pet Boutique Enzo J\u00fanior.<\/p>\n\n\n\n<p>Pesquisas lideradas pelo renomado cientista Takefumi Kikusui, do Jap\u00e3o, demonstraram que essa liga\u00e7\u00e3o \u00e9 bidirecional: assim como os humanos, os c\u00e3es tamb\u00e9m liberam ocitocina em resposta \u00e0 intera\u00e7\u00e3o com seus companheiros humanos. Isso cria um ciclo de amor e carinho que une os dois de maneira profunda e significativa.<\/p>\n\n\n\n<p>&#8220;Portanto, para as m\u00e3es de pets, o Dia das M\u00e3es \u00e9 uma oportunidade leg\u00edtima de celebra\u00e7\u00e3o. A liga\u00e7\u00e3o emocional e os benef\u00edcios para o bem-estar s\u00e3o t\u00e3o reais quanto na rela\u00e7\u00e3o entre m\u00e3es e filhos humanos. N\u00e3o se trata de uma substitui\u00e7\u00e3o, mas sim de uma escolha distinta, baseada no amor, cuidado e responsabilidade&#8221;, diz Enzo J\u00fanior.<\/p>\n\n\n\n<p>No entanto, \u00e9 importante lembrar que n\u00e3o h\u00e1 uma hierarquia na maternidade. Cada pessoa faz suas escolhas com base em suas circunst\u00e2ncias e desejos individuais. Portanto, em vez de julgar ou diminuir os sentimentos dos outros, devemos celebrar a diversidade de formas de amor e cuidado que existem no mundo.<\/p>\n\n\n\n<p>Neste Dia das M\u00e3es, vamos honrar todas as m\u00e3es, sejam elas de humanos ou de peludos, reconhecendo o amor incondicional e o v\u00ednculo especial que compartilham com seus filhos, independentemente da esp\u00e9cie.<\/p>\n\n\n\n<p><strong>SERVI\u00c7O: Nosso Pet Boutique<br><\/strong>Enzo J\u00fanior<br>Gestor do Nosso Pet<br>41 99141 8485<br>@nossopetboutique<br>nossopetcuritiba@gmail.com<br>Rua Augusto Stresser 725 &#8211; Juvev\u00ea,\u00a0Curitiba\u00a0&#8211;\u00a0PR<\/p>\n","protected":false},"excerpt":{"rendered":"<p>Amor \u00e9 todo o necess\u00e1rio para caracterizar uma m\u00e3e Conforme o Dia das M\u00e3es se aproxima, surge a quest\u00e3o: as m\u00e3es de pet tamb\u00e9m merecem comemorar? A resposta \u00e9 um grande si! E existem pesquisas que confirmam tal resultado. A liga\u00e7\u00e3o entre humanos e seus animais de estima\u00e7\u00e3o \u00e9 mais profunda do que se pensava, [&hellip;]<\/p>\n","protected":false},"author":1,"featured_media":2527,"comment_status":"open","ping_status":"open","sticky":false,"template":"","format":"standard","meta":{"footnotes":""},"categories":[427],"tags":[],"class_list":["post-2517","post","type-post","status-publish","format-standard","has-post-thumbnail","hentry","category-pets"],"_links":{"self":[{"href":"https:\/\/diarioparanaense.com\/index.php?rest_route=\/wp\/v2\/posts\/2517","targetHints":{"allow":["GET"]}}],"collection":[{"href":"https:\/\/diarioparanaense.com\/index.php?rest_route=\/wp\/v2\/posts"}],"about":[{"href":"https:\/\/diarioparanaense.com\/index.php?rest_route=\/wp\/v2\/types\/post"}],"author":[{"embeddable":true,"href":"https:\/\/diarioparanaense.com\/index.php?rest_route=\/wp\/v2\/users\/1"}],"replies":[{"embeddable":true,"href":"https:\/\/diarioparanaense.com\/index.php?rest_route=%2Fwp%2Fv2%2Fcomments&post=2517"}],"version-history":[{"count":1,"href":"https:\/\/diarioparanaense.com\/index.php?rest_route=\/wp\/v2\/posts\/2517\/revisions"}],"predecessor-version":[{"id":2528,"href":"https:\/\/diarioparanaense.com\/index.php?rest_route=\/wp\/v2\/posts\/2517\/revisions\/2528"}],"wp:featuredmedia":[{"embeddable":true,"href":"https:\/\/diarioparanaense.com\/index.php?rest_route=\/wp\/v2\/media\/2527"}],"wp:attachment":[{"href":"https:\/\/diarioparanaense.com\/index.php?rest_route=%2Fwp%2Fv2%2Fmedia&parent=2517"}],"wp:term":[{"taxonomy":"category","embeddable":true,"href":"https:\/\/diarioparanaense.com\/index.php?rest_route=%2Fwp%2Fv2%2Fcategories&post=2517"},{"taxonomy":"post_tag","embeddable":true,"href":"https:\/\/diarioparanaense.com\/index.php?rest_route=%2Fwp%2Fv2%2Ftags&post=2517"}],"curies":[{"name":"wp","href":"https:\/\/api.w.org\/{rel}","templated":true}]}}