{"id":2508,"date":"2024-04-23T15:59:14","date_gmt":"2024-04-23T18:59:14","guid":{"rendered":"https:\/\/diarioparanaense.com\/?p=2508"},"modified":"2024-04-23T15:59:15","modified_gmt":"2024-04-23T18:59:15","slug":"a-reabilitacao-de-pacientes-vitimas-de-aneurisma-cerebral-em-transicao-de-cuidados","status":"publish","type":"post","link":"https:\/\/diarioparanaense.com\/?p=2508","title":{"rendered":"A reabilita\u00e7\u00e3o de pacientes v\u00edtimas de aneurisma cerebral em transi\u00e7\u00e3o de cuidados"},"content":{"rendered":"\n<p class=\"has-medium-font-size\"><em>Roberto Jos\u00e9 dos Santos, paciente da YUNA, recuperou-se de um rompimento de aneurisma e teve alta totalmente reabilitado do ponto de vista motor e degluti\u00e7\u00e3o<\/em><em><\/em><\/p>\n\n\n\n<p>Dilata\u00e7\u00e3o formada em uma parte enfraquecida da parede de uma art\u00e9ria do c\u00e9rebro, o aneurisma cerebral pode ser causado por traumatismos, infec\u00e7\u00f5es ou mesmo quest\u00f5es gen\u00e9ticas. Entre as principais sequelas destacam-se a dificuldade de movimenta\u00e7\u00e3o (controle motor), dist\u00farbios de degluti\u00e7\u00e3o (disfagia), preju\u00edzo \u00e0 postura corporal e equil\u00edbrio, rigidez muscular, altera\u00e7\u00f5es de sensibilidade, dificuldades de fala, impacto negativo \u00e0 mem\u00f3ria e racioc\u00ednio, por exemplo.<\/p>\n\n\n\n<p>Roberto Jos\u00e9 dos Santos, 58 anos, sofreu um tipo de AVC (Acidente Vascular Cerebral) hemorr\u00e1gico tamb\u00e9m conhecido como hemorragia subaracno\u00eddea (HSA). Passou por uma clipagem de aneurisma e no p\u00f3s-operat\u00f3rio evoluiu com vasoespasmo, contra\u00e7\u00e3o dos vasos sangu\u00edneos que limitam o fluxo sangu\u00edneo ao c\u00e9rebro, considerado bem comum em casos como esse, mas que prejudicam ainda mais um c\u00e9rebro rec\u00e9m \u201cagredido\u201d.<\/p>\n\n\n\n<p>Durante a interna\u00e7\u00e3o, Roberto Jos\u00e9 ainda teve um caso raro e grave de alergia medicamentosa, conhecida como s\u00edndrome de Stevens-Johnson.<\/p>\n\n\n\n<p>Logo ap\u00f3s a alta hospitalar, deu entrada na YUNA para a reabilita\u00e7\u00e3o, com bastante dificuldade do ponto de vista motor, fraqueza muscular, muita perda de peso e disfagia grave, o que o impedia de se alimentar por via oral ou simplesmente de ingerir qualquer l\u00edquido.&nbsp; Toda alimenta\u00e7\u00e3o, hidrata\u00e7\u00e3o e administra\u00e7\u00e3o medicamentosa ocorria por meio de sonda nasoenteral.<\/p>\n\n\n\n<p>Ap\u00f3s avalia\u00e7\u00e3o de toda a equipe interdisciplinar, passou a fazer parte do programa de reabilita\u00e7\u00e3o neurol\u00f3gica da linha de cuidado p\u00f3s AVC. Recebeu de modo intensivo terapias motoras para ganho de for\u00e7a e mobilidade; treino de ingesta oral com fonoaudi\u00f3loga, acompanhamento nutricional com suplementa\u00e7\u00e3o proteico cal\u00f3rica; psic\u00f3loga para auxiliar no gerenciamento das dificuldades e expectativas e terapeuta ocupacional para estimula\u00e7\u00e3o cognitiva, motora e aux\u00edlio nas adapta\u00e7\u00f5es.<\/p>\n\n\n\n<p>\u201cCom todo esse est\u00edmulo, recebeu alta completamente reabilitado do ponto de vista motor e funcional, apto a retornar \u00e0s suas atividades de vida di\u00e1ria e alimentando-se por via oral\u201d, declara o Dr. Andr\u00e9 Daniel Tavares, Diretor Cl\u00ednico respons\u00e1vel, m\u00e9dico Cl\u00ednico Geral e Geriatra da YUNA.<\/p>\n\n\n\n<p>Segundo o Dr. Andr\u00e9 Tavares, o paciente teve a oportunidade de passar por um modelo de reabilita\u00e7\u00e3o considerado \u201cpadr\u00e3o ouro\u201d para o perfil de doen\u00e7a. Frente \u00e0 gravidade, Roberto Jos\u00e9 evoluiu muito bem, com est\u00edmulo, paci\u00eancia e perseveran\u00e7a\u201d, conclui o diretor&nbsp;cl\u00ednico.<\/p>\n\n\n\n<p><strong>Roberto Jos\u00e9 dos Santos \u2013 depoimento do paciente<\/strong><strong><\/strong><\/p>\n\n\n\n<p>Com 20 quilos a menos do que o normal e lutando para se recuperar de um aneurisma, Roberto destacou a compet\u00eancia e o profissionalismo da YUNA. Segundo ele, \u2018aprender sobre mem\u00f3ria muscular e readequa\u00e7\u00e3o alimentar foram apenas algumas das li\u00e7\u00f5es valiosas em minha jornada de recupera\u00e7\u00e3o. Sou grato pela YUNA. O apoio incondicional, desde fisioterapias personalizadas at\u00e9 orienta\u00e7\u00f5es sobre previd\u00eancia, proporcionou n\u00e3o s\u00f3 a melhora f\u00edsica, mas tamb\u00e9m o despertar para uma nova vida\u201d, declara Roberto Jos\u00e9 dos Santos.<\/p>\n\n\n\n<p><strong>Sobre a YUNA<\/strong><strong><\/strong><\/p>\n\n\n\n<p>A YUNA, especializada em transi\u00e7\u00e3o de cuidados, oferece suporte completo para pacientes de reabilita\u00e7\u00e3o, cuidados paliativos e continuados, atendimento individualizado e assist\u00eancia transdisciplinar. Mais informa\u00e7\u00f5es no telefone (11) 3087-3800 ou no site&nbsp; <a href=\"https:\/\/yuna.com.br\/\">https:\/\/yuna.com.br\/<\/a>.<\/p>\n","protected":false},"excerpt":{"rendered":"<p>Roberto Jos\u00e9 dos Santos, paciente da YUNA, recuperou-se de um rompimento de aneurisma e teve alta totalmente reabilitado do ponto de vista motor e degluti\u00e7\u00e3o Dilata\u00e7\u00e3o formada em uma parte enfraquecida da parede de uma art\u00e9ria do c\u00e9rebro, o aneurisma cerebral pode ser causado por traumatismos, infec\u00e7\u00f5es ou mesmo quest\u00f5es gen\u00e9ticas. Entre as principais sequelas [&hellip;]<\/p>\n","protected":false},"author":1,"featured_media":2509,"comment_status":"open","ping_status":"open","sticky":false,"template":"","format":"standard","meta":{"footnotes":""},"categories":[164],"tags":[],"class_list":["post-2508","post","type-post","status-publish","format-standard","has-post-thumbnail","hentry","category-saude-2"],"_links":{"self":[{"href":"https:\/\/diarioparanaense.com\/index.php?rest_route=\/wp\/v2\/posts\/2508","targetHints":{"allow":["GET"]}}],"collection":[{"href":"https:\/\/diarioparanaense.com\/index.php?rest_route=\/wp\/v2\/posts"}],"about":[{"href":"https:\/\/diarioparanaense.com\/index.php?rest_route=\/wp\/v2\/types\/post"}],"author":[{"embeddable":true,"href":"https:\/\/diarioparanaense.com\/index.php?rest_route=\/wp\/v2\/users\/1"}],"replies":[{"embeddable":true,"href":"https:\/\/diarioparanaense.com\/index.php?rest_route=%2Fwp%2Fv2%2Fcomments&post=2508"}],"version-history":[{"count":1,"href":"https:\/\/diarioparanaense.com\/index.php?rest_route=\/wp\/v2\/posts\/2508\/revisions"}],"predecessor-version":[{"id":2510,"href":"https:\/\/diarioparanaense.com\/index.php?rest_route=\/wp\/v2\/posts\/2508\/revisions\/2510"}],"wp:featuredmedia":[{"embeddable":true,"href":"https:\/\/diarioparanaense.com\/index.php?rest_route=\/wp\/v2\/media\/2509"}],"wp:attachment":[{"href":"https:\/\/diarioparanaense.com\/index.php?rest_route=%2Fwp%2Fv2%2Fmedia&parent=2508"}],"wp:term":[{"taxonomy":"category","embeddable":true,"href":"https:\/\/diarioparanaense.com\/index.php?rest_route=%2Fwp%2Fv2%2Fcategories&post=2508"},{"taxonomy":"post_tag","embeddable":true,"href":"https:\/\/diarioparanaense.com\/index.php?rest_route=%2Fwp%2Fv2%2Ftags&post=2508"}],"curies":[{"name":"wp","href":"https:\/\/api.w.org\/{rel}","templated":true}]}}