{"id":2502,"date":"2024-04-23T15:54:48","date_gmt":"2024-04-23T18:54:48","guid":{"rendered":"https:\/\/diarioparanaense.com\/?p=2502"},"modified":"2024-04-23T15:54:48","modified_gmt":"2024-04-23T18:54:48","slug":"ensino-visual-a-educacao-da-nova-geracao","status":"publish","type":"post","link":"https:\/\/diarioparanaense.com\/?p=2502","title":{"rendered":"Ensino visual \u00e0 educa\u00e7\u00e3o da nova gera\u00e7\u00e3o"},"content":{"rendered":"\n<p class=\"has-medium-font-size\">Como a utiliza\u00e7\u00e3o de esquemas visuais auxilia a compreens\u00e3o de conte\u00fados complexos<\/p>\n\n\n\n<p>N\u00e3o \u00e9 surpresa para ningu\u00e9m que entramos na era digital, e com ela tivemos diversas altera\u00e7\u00f5es no funcionamento do nosso dia a dia, a crescente ado\u00e7\u00e3o de formatos de ensino h\u00edbrido e remoto demonstra isso perfeitamente, a exposi\u00e7\u00e3o a essa quantidade imensa de conte\u00fado dispon\u00edvel na internet diminui o per\u00edodo de aten\u00e7\u00e3o do usu\u00e1rio, que muitas vezes \u00e9 um jovem, afetando o seu desempenho de aprendizado, pensando nisso novas formas de distribuir conte\u00fado foram pensadas, como o ensino visual que se resume a uma estrat\u00e9gia para capturar a aten\u00e7\u00e3o dos ouvintes e facilitando a compreens\u00e3o de conceitos complexos. A educa\u00e7\u00e3o moderna enfrenta os desafios de manter os estudantes engajados e assegurar a reten\u00e7\u00e3o de informa\u00e7\u00f5es.<\/p>\n\n\n\n<p>&#8220;Pensando nisso empregamos recursos como v\u00eddeos, mapas conceituais, diagramas e organiza\u00e7\u00f5es gr\u00e1ficas, para demonstrar uma abordagem eficaz na melhoria da aprendizagem&#8221;, diz Guilherme Ogg, um dos idealizadores do Est\u00fadio 42 empresa respons\u00e1vel pela produ\u00e7\u00e3o dos esquemas gr\u00e1ficos de grandes canais como Nerdologia e Jovem Nerd. Pesquisas apontam que o c\u00e9rebro humano processa informa\u00e7\u00f5es visuais 60.000 vezes mais r\u00e1pido do que textos, sugerindo que materiais visuais podem potencializar o aprendizado em at\u00e9 400%.<\/p>\n\n\n\n<p>&#8220;Um \u00f3timo exemplo dessa visualiza\u00e7\u00e3o de conte\u00fado \u00e9 com o estilingue gravitacional, que \u00e9 quando um objeto utiliza a gravidade de um planeta para ganhar velocidade indo para outro sentido. Explicando assim pode ser complexo, agora quando voc\u00ea cria um material visual interessante como uma anima\u00e7\u00e3o para contar essa hist\u00f3ria com uma nave espacial indo em um sentido, passando perto da \u00f3rbita de um planeta e saindo em uma dire\u00e7\u00e3o oposta muito mais r\u00e1pido do que entrou, voc\u00ea entende que parece um estilingue mesmo&#8221;, diz Guilherme Ogg.<\/p>\n\n\n\n<p>Por isso, a utiliza\u00e7\u00e3o de v\u00eddeos educativos e m\u00eddias digitais ganham destaque como boas ferramentas. A chave para seu sucesso reside na qualidade e no engajamento do conte\u00fado. Longe de substituir o professor, esses recursos visuais complementam os conte\u00fados, tornando-os mais din\u00e2micos e interessantes. A incorpora\u00e7\u00e3o de elementos da cultura pop e a conex\u00e3o com eventos atuais os tornam ainda mais atrativos para o p\u00fablico, aumentando sua efetividade.<\/p>\n\n\n\n<p>Os mapas conceituais, por sua vez, representam uma t\u00e9cnica de organiza\u00e7\u00e3o e relacionamento de informa\u00e7\u00f5es, facilitando o desenvolvimento do pensamento cr\u00edtico e o entendimento de conceitos relacionados. Eles permitem ao espectador visualizar as liga\u00e7\u00f5es entre ideias, contribuindo para uma assimila\u00e7\u00e3o sist\u00eamica dos conte\u00fados.<\/p>\n\n\n\n<p>A transi\u00e7\u00e3o para m\u00e9todos de ensino que priorizam o visual n\u00e3o \u00e9 apenas uma resposta \u00e0s limita\u00e7\u00f5es impostas pelo ensino a dist\u00e2ncia, \u00e9 a aceita\u00e7\u00e3o da mudan\u00e7a que temos, abra\u00e7ando-a ao inv\u00e9s de lutar contra ela. Mesmo ap\u00f3s o retorno ao ensino presencial no p\u00f3s pandemia, foi poss\u00edvel observar que as pr\u00e1ticas de ensino digital e h\u00edbrido permanecem por sua efici\u00eancia e acessibilidade.<\/p>\n\n\n\n<p>Apostar no ensino visual \u00e9, portanto, uma maneira de preparar os estudantes para o futuro, equipando-os com as habilidades necess\u00e1rias para processar e aplicar informa\u00e7\u00f5es para pessoas cada vez mais saturadas de dados. Com o tempo, a integra\u00e7\u00e3o de abordagens visuais na educa\u00e7\u00e3o promete n\u00e3o apenas melhorar a qualidade do ensino, mas tornar o aprendizado uma experi\u00eancia mais atrativa e efetiva.<\/p>\n\n\n\n<p><strong>Servi\u00e7o: Est\u00fadio 42 | Content Academy<\/strong><\/p>\n\n\n\n<p>Guilherme Ogg<\/p>\n\n\n\n<p>S\u00f3cio da Est\u00fadio 42<\/p>\n\n\n\n<p>(41) 3023-1599<\/p>\n\n\n\n<p>@estudio42 | @contentacademybr<\/p>\n\n\n\n<p>@estudio42_<\/p>\n\n\n\n<p>contato@estudio42.com.br<\/p>\n\n\n\n<p><a href=\"http:\/\/www.estudio42.com.br\">www.estudio42.com.br<\/a> e <a href=\"http:\/\/www.contentacademy.com.br\">www.contentacademy.com.br<\/a><\/p>\n\n\n\n<p>Av. Jo\u00e3o Gualberto, 1740 &#8211; 8\u00ba Andar &#8211; Juvev\u00ea,&nbsp;Curitiba\/PR.<\/p>\n","protected":false},"excerpt":{"rendered":"<p>Como a utiliza\u00e7\u00e3o de esquemas visuais auxilia a compreens\u00e3o de conte\u00fados complexos N\u00e3o \u00e9 surpresa para ningu\u00e9m que entramos na era digital, e com ela tivemos diversas altera\u00e7\u00f5es no funcionamento do nosso dia a dia, a crescente ado\u00e7\u00e3o de formatos de ensino h\u00edbrido e remoto demonstra isso perfeitamente, a exposi\u00e7\u00e3o a essa quantidade imensa de [&hellip;]<\/p>\n","protected":false},"author":1,"featured_media":2503,"comment_status":"open","ping_status":"open","sticky":false,"template":"","format":"standard","meta":{"footnotes":""},"categories":[148],"tags":[],"class_list":["post-2502","post","type-post","status-publish","format-standard","has-post-thumbnail","hentry","category-educacao"],"_links":{"self":[{"href":"https:\/\/diarioparanaense.com\/index.php?rest_route=\/wp\/v2\/posts\/2502","targetHints":{"allow":["GET"]}}],"collection":[{"href":"https:\/\/diarioparanaense.com\/index.php?rest_route=\/wp\/v2\/posts"}],"about":[{"href":"https:\/\/diarioparanaense.com\/index.php?rest_route=\/wp\/v2\/types\/post"}],"author":[{"embeddable":true,"href":"https:\/\/diarioparanaense.com\/index.php?rest_route=\/wp\/v2\/users\/1"}],"replies":[{"embeddable":true,"href":"https:\/\/diarioparanaense.com\/index.php?rest_route=%2Fwp%2Fv2%2Fcomments&post=2502"}],"version-history":[{"count":1,"href":"https:\/\/diarioparanaense.com\/index.php?rest_route=\/wp\/v2\/posts\/2502\/revisions"}],"predecessor-version":[{"id":2504,"href":"https:\/\/diarioparanaense.com\/index.php?rest_route=\/wp\/v2\/posts\/2502\/revisions\/2504"}],"wp:featuredmedia":[{"embeddable":true,"href":"https:\/\/diarioparanaense.com\/index.php?rest_route=\/wp\/v2\/media\/2503"}],"wp:attachment":[{"href":"https:\/\/diarioparanaense.com\/index.php?rest_route=%2Fwp%2Fv2%2Fmedia&parent=2502"}],"wp:term":[{"taxonomy":"category","embeddable":true,"href":"https:\/\/diarioparanaense.com\/index.php?rest_route=%2Fwp%2Fv2%2Fcategories&post=2502"},{"taxonomy":"post_tag","embeddable":true,"href":"https:\/\/diarioparanaense.com\/index.php?rest_route=%2Fwp%2Fv2%2Ftags&post=2502"}],"curies":[{"name":"wp","href":"https:\/\/api.w.org\/{rel}","templated":true}]}}