{"id":2490,"date":"2024-04-23T15:49:47","date_gmt":"2024-04-23T18:49:47","guid":{"rendered":"https:\/\/diarioparanaense.com\/?p=2490"},"modified":"2024-04-23T15:49:48","modified_gmt":"2024-04-23T18:49:48","slug":"conscientizacao-sobre-o-autismo-e-foco-em-abril","status":"publish","type":"post","link":"https:\/\/diarioparanaense.com\/?p=2490","title":{"rendered":"Conscientiza\u00e7\u00e3o sobre o autismo \u00e9 foco em Abril"},"content":{"rendered":"\n<p class=\"has-medium-font-size\">Como a psicologia pode auxiliar na compreens\u00e3o do TEA<\/p>\n\n\n\n<p>J\u00e1 Abril, m\u00eas da conscientiza\u00e7\u00e3o sobre o autismo, por\u00e9m tamb\u00e9m \u00e9 necess\u00e1rio entender que o autismo n\u00e3o \u00e9 algo padronizado, sua natureza diversa e de diferentes n\u00edveis pode confundir um p\u00fablico desavisado. O Transtorno do Espectro Autista representa uma ampla gama de condi\u00e7\u00f5es caracterizadas por defici\u00eancias na fun\u00e7\u00e3o executiva para habilidades sociais, comportamentos insistentes e repetitivos, fala e comunica\u00e7\u00e3o n\u00e3o verbal e muito mais. Entender essas diferen\u00e7as \u00e9 a base para promover a inclus\u00e3o e demonstrar apoio aos indiv\u00edduos no espectro e suas fam\u00edlias por isso pedimos ajuda a psic\u00f3loga Milena de Abreu Nunes para entender mais sobre o TEA.<\/p>\n\n\n\n<p>O TEA \u00e9 categorizado em tr\u00eas n\u00edveis com base no grau de apoio que o indiv\u00edduo precisa:<\/p>\n\n\n\n<ul class=\"wp-block-list\">\n<li>N\u00edvel 1 refere-se a pessoas que requerem pouco ou nenhum apoio. Tais indiv\u00edduos podem ter dificuldades para interagir socialmente e expressar suas necessidades diretamente, mas com as estrat\u00e9gias certas, eles podem ter sucesso trabalhando, indo \u00e0 escola e vivendo de forma independente.<\/li>\n\n\n\n<li>N\u00edvel 2 descreve indiv\u00edduos que precisam de apoio substancial. Eles enfrentam desafios mais graves em \u00e1reas de comunica\u00e7\u00e3o social e podem exibir comportamentos espec\u00edficos que prejudicam as atividades di\u00e1rias.<\/li>\n\n\n\n<li>N\u00edvel 3 se refere \u00e0s pessoas que precisam de muito apoio sustentado. Essas pessoas s\u00e3o altamente dependentes de terceiros para as atividades di\u00e1rias devido a severas limita\u00e7\u00f5es na comunica\u00e7\u00e3o verbal e n\u00e3o-verbal e apresentam comportamentos que os impedem muito nessas atividades.<\/li>\n<\/ul>\n\n\n\n<p>&#8220;A conscientiza\u00e7\u00e3o sobre o TEA \u00e9 ainda mais abrangente e inclui mudan\u00e7as na sociedade para torn\u00e1-la mais inclusiva. Desde apoiar fam\u00edlias e facilitar a busca de diagn\u00f3sticos e tratamentos apropriados, at\u00e9 o ajuste das escolas \u00e0s necessidades educacionais especiais exclusivas desses alunos. A expans\u00e3o da participa\u00e7\u00e3o de adultos no mercado de trabalho \u00e9 um dos t\u00f3picos mais desafiadores&#8221;, diz a psic\u00f3loga Milena de Abreu.<\/p>\n\n\n\n<p>Para atingir esses objetivos, \u00e9 crucial que a diversidade do autismo seja percebida como uma realidade e n\u00e3o uma defici\u00eancia. As hist\u00f3rias de sucesso de pessoas com o TEA inspiram positivamente a sociedade, uma vez que podem mostrar as habilidades de um indiv\u00edduo e a contribui\u00e7\u00e3o para a sociedade \u00e9 ben\u00e9fica. Al\u00e9m disso, o engajamento das fam\u00edlias, dos educadores e dos profissionais da sa\u00fade \u00e9 essencial para ajudar as pessoas autistas. No entanto, interven\u00e7\u00f5es precoces, terapias comportamentais essenciais e acesso a recursos educacionais precisam ser integrados. Benef\u00edcios educativos, gestores do sistema, e todos os membros da sociedade necessitam conhecer o TEA. Com a conscientiza\u00e7\u00e3o, essas pessoas se coordenam para um enriquecimento superlativo, promovendo inclus\u00e3o e justi\u00e7a social para todos os interessados, independentemente do n\u00edvel de autismo.<\/p>\n\n\n\n<p><strong>Servi\u00e7o: Milena de Abreu Nunes<\/strong><\/p>\n\n\n\n<p>Psic\u00f3loga cl\u00ednica<\/p>\n\n\n\n<p>+55 41 9957-6235<\/p>\n\n\n\n<p>@milenaabreu_psi<\/p>\n\n\n\n<p>milenadeabreu2009@hotmail.com<\/p>\n\n\n\n<p><a href=\"https:\/\/br.linkedin.com\/in\/milena-de-abreu-nunes-899989147?original_referer=https%3A%2F%2Fwww.google.com%2F\">https:\/\/br.linkedin.com\/in\/milena-de-abreu-nunes-899989147?original_referer=https%3A%2F%2Fwww.google.com%2F<\/a><\/p>\n","protected":false},"excerpt":{"rendered":"<p>Como a psicologia pode auxiliar na compreens\u00e3o do TEA J\u00e1 Abril, m\u00eas da conscientiza\u00e7\u00e3o sobre o autismo, por\u00e9m tamb\u00e9m \u00e9 necess\u00e1rio entender que o autismo n\u00e3o \u00e9 algo padronizado, sua natureza diversa e de diferentes n\u00edveis pode confundir um p\u00fablico desavisado. O Transtorno do Espectro Autista representa uma ampla gama de condi\u00e7\u00f5es caracterizadas por defici\u00eancias [&hellip;]<\/p>\n","protected":false},"author":1,"featured_media":2494,"comment_status":"open","ping_status":"open","sticky":false,"template":"","format":"standard","meta":{"footnotes":""},"categories":[29],"tags":[],"class_list":["post-2490","post","type-post","status-publish","format-standard","has-post-thumbnail","hentry","category-artigos"],"_links":{"self":[{"href":"https:\/\/diarioparanaense.com\/index.php?rest_route=\/wp\/v2\/posts\/2490","targetHints":{"allow":["GET"]}}],"collection":[{"href":"https:\/\/diarioparanaense.com\/index.php?rest_route=\/wp\/v2\/posts"}],"about":[{"href":"https:\/\/diarioparanaense.com\/index.php?rest_route=\/wp\/v2\/types\/post"}],"author":[{"embeddable":true,"href":"https:\/\/diarioparanaense.com\/index.php?rest_route=\/wp\/v2\/users\/1"}],"replies":[{"embeddable":true,"href":"https:\/\/diarioparanaense.com\/index.php?rest_route=%2Fwp%2Fv2%2Fcomments&post=2490"}],"version-history":[{"count":1,"href":"https:\/\/diarioparanaense.com\/index.php?rest_route=\/wp\/v2\/posts\/2490\/revisions"}],"predecessor-version":[{"id":2495,"href":"https:\/\/diarioparanaense.com\/index.php?rest_route=\/wp\/v2\/posts\/2490\/revisions\/2495"}],"wp:featuredmedia":[{"embeddable":true,"href":"https:\/\/diarioparanaense.com\/index.php?rest_route=\/wp\/v2\/media\/2494"}],"wp:attachment":[{"href":"https:\/\/diarioparanaense.com\/index.php?rest_route=%2Fwp%2Fv2%2Fmedia&parent=2490"}],"wp:term":[{"taxonomy":"category","embeddable":true,"href":"https:\/\/diarioparanaense.com\/index.php?rest_route=%2Fwp%2Fv2%2Fcategories&post=2490"},{"taxonomy":"post_tag","embeddable":true,"href":"https:\/\/diarioparanaense.com\/index.php?rest_route=%2Fwp%2Fv2%2Ftags&post=2490"}],"curies":[{"name":"wp","href":"https:\/\/api.w.org\/{rel}","templated":true}]}}