{"id":2487,"date":"2024-04-23T15:53:14","date_gmt":"2024-04-23T18:53:14","guid":{"rendered":"https:\/\/diarioparanaense.com\/?p=2487"},"modified":"2024-04-23T15:53:15","modified_gmt":"2024-04-23T18:53:15","slug":"como-vender-sem-a-empresa-depender-de-mim","status":"publish","type":"post","link":"https:\/\/diarioparanaense.com\/?p=2487","title":{"rendered":"Como vender sem a empresa depender de mim?"},"content":{"rendered":"\n<p class=\"has-medium-font-size\">Uma an\u00e1lise empresarial por Leonardo Beling<\/p>\n\n\n\n<p>Voc\u00ea j\u00e1 ouviu falar do empres\u00e1rio que \u00e9 o funcion\u00e1rio mais caro do seu pr\u00f3prio neg\u00f3cio? Infelizmente \u00e9 isso que acontece na maioria das empresas.<\/p>\n\n\n\n<p>O n\u00famero de empreendedores no Brasil tem crescido exponencialmente ao longo dos anos. Mas a taxa de mortalidade das empresas permanecem alt\u00edssimas. Segundo estudos, mais de 70% das empresas fecham as portas antes de completarem apenas 3 anos de vida.<\/p>\n\n\n\n<p>Segundo o especialista em Vendas, Leonardo Beling, CEO da The Wolves Company, Assessoria Comercial, isso acontece pela falta de capacidade dos empres\u00e1rios de criarem um neg\u00f3cio baseado em processos e pessoas. O que faz que o dono se torne ref\u00e9m, precisando trabalhar infinitas horas para sustentar a pr\u00f3pria empresa.<\/p>\n\n\n\n<p>&#8220;Acredito que a principal habilidade que um empres\u00e1rio precisa desenvolver \u00e9 a Gest\u00e3o de Pessoas. Primeiro para contrat\u00e1-las e depois para trein\u00e1-las. Somente assim \u00e9 poss\u00edvel desenvolver um ecossistema forte que \u00e9 capaz de crescer de maneira s\u00f3lida, gerar valor para a sociedade e lucro para os acionistas&#8221;, diz Leonardo Beling.<\/p>\n\n\n\n<p>Al\u00e9m disso, outro fator que contribui para a extin\u00e7\u00e3o de muitos neg\u00f3cios \u00e9 a neglig\u00eancia com a \u00e1rea comercial da empresa. N\u00e3o adianta voc\u00ea ter um produto maravilhoso, se voc\u00ea n\u00e3o for capaz de atingir o seu p\u00fablico e convenc\u00ea-los a comprar de voc\u00ea.<\/p>\n\n\n\n<p>O empres\u00e1rio n\u00e3o pode ter uma vis\u00e3o rom\u00e2ntica. Empresas s\u00e3o criadas para gerar lucro e se o setor de vendas n\u00e3o estiver bem estruturado, tudo pode ir por \u00e1gua abaixo, segundo Leonardo Beling.<\/p>\n\n\n\n<p>&#8220;Vendas \u00e9 e sempre ser\u00e1 o cora\u00e7\u00e3o de qualquer neg\u00f3cio. Os maiores neg\u00f3cios raramente tem os melhores produtos, mas possuem a melhor estrat\u00e9gia comercial. E para obter bons resultados, o dono do neg\u00f3cio n\u00e3o pode estar preso no operacional. Preciso estar 100% focado nas vendas, criando um time que possa ajud\u00e1-lo a crescer&#8221;<\/p>\n\n\n\n<p>Tem um famoso ditado no mundo do empreendedorismo que diz que sonhar grande e sonhar pequeno d\u00e1 o mesmo trabalho. O seu neg\u00f3cio ainda pode ser pequeno, mas voc\u00ea deve pensar e agir como se ele j\u00e1 fosse grande. Estruture os processos, encontre as pessoas certas e treine as pessoas. O sucesso e o crescimento ser\u00e3o uma mera consequ\u00eancia.<\/p>\n\n\n\n<p><strong>Servi\u00e7o: The Wolves Company<br><\/strong>Leonardo Beling<br>CEO da The Wolves Company<br>41 99961-1907<br>leo.beling@thewolvescompany.com.br<br>@leonardobeling<br>www.thewolvescompany.com.br<br>Rosa Saporski 501, Merc\u00eas,\u00a0Curitiba,\u00a0PR.<\/p>\n","protected":false},"excerpt":{"rendered":"<p>Uma an\u00e1lise empresarial por Leonardo Beling Voc\u00ea j\u00e1 ouviu falar do empres\u00e1rio que \u00e9 o funcion\u00e1rio mais caro do seu pr\u00f3prio neg\u00f3cio? Infelizmente \u00e9 isso que acontece na maioria das empresas. O n\u00famero de empreendedores no Brasil tem crescido exponencialmente ao longo dos anos. Mas a taxa de mortalidade das empresas permanecem alt\u00edssimas. Segundo estudos, [&hellip;]<\/p>\n","protected":false},"author":1,"featured_media":2500,"comment_status":"open","ping_status":"open","sticky":false,"template":"","format":"standard","meta":{"footnotes":""},"categories":[324],"tags":[],"class_list":["post-2487","post","type-post","status-publish","format-standard","has-post-thumbnail","hentry","category-negocios"],"_links":{"self":[{"href":"https:\/\/diarioparanaense.com\/index.php?rest_route=\/wp\/v2\/posts\/2487","targetHints":{"allow":["GET"]}}],"collection":[{"href":"https:\/\/diarioparanaense.com\/index.php?rest_route=\/wp\/v2\/posts"}],"about":[{"href":"https:\/\/diarioparanaense.com\/index.php?rest_route=\/wp\/v2\/types\/post"}],"author":[{"embeddable":true,"href":"https:\/\/diarioparanaense.com\/index.php?rest_route=\/wp\/v2\/users\/1"}],"replies":[{"embeddable":true,"href":"https:\/\/diarioparanaense.com\/index.php?rest_route=%2Fwp%2Fv2%2Fcomments&post=2487"}],"version-history":[{"count":1,"href":"https:\/\/diarioparanaense.com\/index.php?rest_route=\/wp\/v2\/posts\/2487\/revisions"}],"predecessor-version":[{"id":2501,"href":"https:\/\/diarioparanaense.com\/index.php?rest_route=\/wp\/v2\/posts\/2487\/revisions\/2501"}],"wp:featuredmedia":[{"embeddable":true,"href":"https:\/\/diarioparanaense.com\/index.php?rest_route=\/wp\/v2\/media\/2500"}],"wp:attachment":[{"href":"https:\/\/diarioparanaense.com\/index.php?rest_route=%2Fwp%2Fv2%2Fmedia&parent=2487"}],"wp:term":[{"taxonomy":"category","embeddable":true,"href":"https:\/\/diarioparanaense.com\/index.php?rest_route=%2Fwp%2Fv2%2Fcategories&post=2487"},{"taxonomy":"post_tag","embeddable":true,"href":"https:\/\/diarioparanaense.com\/index.php?rest_route=%2Fwp%2Fv2%2Ftags&post=2487"}],"curies":[{"name":"wp","href":"https:\/\/api.w.org\/{rel}","templated":true}]}}