{"id":2481,"date":"2024-04-22T10:42:33","date_gmt":"2024-04-22T13:42:33","guid":{"rendered":"https:\/\/diarioparanaense.com\/?p=2481"},"modified":"2024-04-22T10:42:33","modified_gmt":"2024-04-22T13:42:33","slug":"brasil-registra-42-milhoes-de-empreendedores-e-fica-em-8o-em-ranking-de-iniciativas","status":"publish","type":"post","link":"https:\/\/diarioparanaense.com\/?p=2481","title":{"rendered":"Brasil registra 42 milh\u00f5es de empreendedores e fica em 8\u00ba em ranking de iniciativas"},"content":{"rendered":"\n<p class=\"has-medium-font-size\">Escola Atua\u00e7\u00e3o promove projeto de empreendedorismo para o Ensino Fundamental e auxilia as crian\u00e7as a desenvolverem essa compet\u00eancia<\/p>\n\n\n\n<p>Para fomentar o empreendedorismo entre os jovens, a Escola Atua\u00e7\u00e3o promove projeto para que alunos do sexto ao nono ano possam vivenciar situa\u00e7\u00f5es di\u00e1rias de economia financeira. A\u00e7\u00f5es como essa refletem no aumento de registros de novos neg\u00f3cios no Brasil, fazendo com que o pa\u00eds ocupe o 8\u00ba lugar na lista de pa\u00edses com mais empreendedores. O p\u00f3dio do ranking conta com Equador, Guatemala e Ar\u00e1bia Saudita.<\/p>\n\n\n\n<p>Segundo pesquisa feita pelo Sebrae e Anegepe em 2023, o Brasil tem 42 milh\u00f5es de brasileiros com um neg\u00f3cio e 48 milh\u00f5es gostariam de ter um empreendimento em at\u00e9 tr\u00eas anos. O levantamento tamb\u00e9m mostrou que 77% dos empreendedores brasileiros s\u00e3o motivados pela vontade de \u201cquerer fazer a diferen\u00e7a no mundo\u201d, enquanto que em 2022, o foco de empreender era sin\u00f4nimo de \u201cempregos escassos\u201d.<\/p>\n\n\n\n<p>O Mapa das Empresas (MEMP) apontou que no terceiro quadrimestre de 2023 foram abertas 1.150.149 empresas, aumento de 5,1% em rela\u00e7\u00e3o ao mesmo per\u00edodo de 2022. Diante desse panorama, a Escola Atua\u00e7\u00e3o desenvolve anualmente projetos de empreendedorismo no Ensino Fundamental, com o foco de trabalhar a capacidade das crian\u00e7as em identificarem os problemas e as oportunidades.<\/p>\n\n\n\n<p>\u201cCada turma desenvolve uma empresa de um setor de servi\u00e7o, por exemplo, as crian\u00e7as do sexto ano criam uma loja de variedades, j\u00e1 as do s\u00e9timo ano criam um estabelecimento de comida. Todo o projeto busca, de forma l\u00fadica, encorajar positivamente as crian\u00e7as, propondo atividades que ajudem elas a adquirirem, ou a desenvolverem, ainda mais as compet\u00eancias necess\u00e1rias para ser um empreendedor\u201d, relata a diretora da Escola Atua\u00e7\u00e3o, Carolina Pereira Frizon.<\/p>\n\n\n\n<p>Segundo a diretora, o objetivo principal do projeto \u00e9 incentivar os estudantes a pensarem em solu\u00e7\u00f5es que possam mudar o mundo, al\u00e9m de refor\u00e7ar a import\u00e2ncia do planejamento financeiro na vida. \u201cA escola busca oferecer um ambiente prop\u00edcio para prepar\u00e1-los para situa\u00e7\u00f5es e obst\u00e1culos que eles viver\u00e3o durante o crescimento\u201d, destaca.<\/p>\n\n\n\n<p>Para ampliar esse conhecimento financeiro, a institui\u00e7\u00e3o leva para o CEASA os estudantes e o profissional da escola que faz a aquisi\u00e7\u00e3o de frutas e verduras. L\u00e1 eles t\u00eam a oportunidade de colocar em pr\u00e1tica o que est\u00e3o estudando e, a partir dessa visita, eles escolhem os produtos que ser\u00e3o vendidos por uma das turmas. \u201cEsse processo faz parte de um movimento de compreens\u00e3o, mostrando para as crian\u00e7as do Atua\u00e7\u00e3o que elas podem ser empreendedoras desde pequenos\u201d, conta&nbsp;a&nbsp;diretora.<\/p>\n","protected":false},"excerpt":{"rendered":"<p>Escola Atua\u00e7\u00e3o promove projeto de empreendedorismo para o Ensino Fundamental e auxilia as crian\u00e7as a desenvolverem essa compet\u00eancia Para fomentar o empreendedorismo entre os jovens, a Escola Atua\u00e7\u00e3o promove projeto para que alunos do sexto ao nono ano possam vivenciar situa\u00e7\u00f5es di\u00e1rias de economia financeira. A\u00e7\u00f5es como essa refletem no aumento de registros de novos [&hellip;]<\/p>\n","protected":false},"author":1,"featured_media":2482,"comment_status":"open","ping_status":"open","sticky":false,"template":"","format":"standard","meta":{"footnotes":""},"categories":[148],"tags":[],"class_list":["post-2481","post","type-post","status-publish","format-standard","has-post-thumbnail","hentry","category-educacao"],"_links":{"self":[{"href":"https:\/\/diarioparanaense.com\/index.php?rest_route=\/wp\/v2\/posts\/2481","targetHints":{"allow":["GET"]}}],"collection":[{"href":"https:\/\/diarioparanaense.com\/index.php?rest_route=\/wp\/v2\/posts"}],"about":[{"href":"https:\/\/diarioparanaense.com\/index.php?rest_route=\/wp\/v2\/types\/post"}],"author":[{"embeddable":true,"href":"https:\/\/diarioparanaense.com\/index.php?rest_route=\/wp\/v2\/users\/1"}],"replies":[{"embeddable":true,"href":"https:\/\/diarioparanaense.com\/index.php?rest_route=%2Fwp%2Fv2%2Fcomments&post=2481"}],"version-history":[{"count":1,"href":"https:\/\/diarioparanaense.com\/index.php?rest_route=\/wp\/v2\/posts\/2481\/revisions"}],"predecessor-version":[{"id":2483,"href":"https:\/\/diarioparanaense.com\/index.php?rest_route=\/wp\/v2\/posts\/2481\/revisions\/2483"}],"wp:featuredmedia":[{"embeddable":true,"href":"https:\/\/diarioparanaense.com\/index.php?rest_route=\/wp\/v2\/media\/2482"}],"wp:attachment":[{"href":"https:\/\/diarioparanaense.com\/index.php?rest_route=%2Fwp%2Fv2%2Fmedia&parent=2481"}],"wp:term":[{"taxonomy":"category","embeddable":true,"href":"https:\/\/diarioparanaense.com\/index.php?rest_route=%2Fwp%2Fv2%2Fcategories&post=2481"},{"taxonomy":"post_tag","embeddable":true,"href":"https:\/\/diarioparanaense.com\/index.php?rest_route=%2Fwp%2Fv2%2Ftags&post=2481"}],"curies":[{"name":"wp","href":"https:\/\/api.w.org\/{rel}","templated":true}]}}