{"id":2478,"date":"2024-04-22T10:33:30","date_gmt":"2024-04-22T13:33:30","guid":{"rendered":"https:\/\/diarioparanaense.com\/?p=2478"},"modified":"2024-04-22T10:33:31","modified_gmt":"2024-04-22T13:33:31","slug":"cha-para-todos-desfile-de-moda-evidencia-a-valorizacao-da-autoestima-feminina","status":"publish","type":"post","link":"https:\/\/diarioparanaense.com\/?p=2478","title":{"rendered":"Ch\u00e1 Para Todos: desfile de moda evidencia a valoriza\u00e7\u00e3o da autoestima feminina"},"content":{"rendered":"\n<p class=\"has-medium-font-size\">Evento do Clube Curitibano apresentou designs de roupa da Karyna Greipel e joias assinadas por Silvia D\u00f6ring<\/p>\n\n\n\n<p>Na tarde da \u00faltima quinta-feira (18), o Clube Curitibano realizou mais uma edi\u00e7\u00e3o do Ch\u00e1 Para Todos. O evento levou \u00e0 passarela do Sal\u00e3o Poty Lazzarotto o desfile da cole\u00e7\u00e3o de Karyna Greipel e as j\u00f3ias assinadas por Silvia D\u00f6ring, para apresentar as principais tend\u00eancias do mundo feminino.<\/p>\n\n\n\n<p>O destaque da tarde foi a influenciadora e consultora de moda, Karyna Greipel. Al\u00e9m de suas atividades como empres\u00e1ria, ela tamb\u00e9m compartilha o conhecimento na \u00e1rea de e-commerce de roupas femininas nas redes sociais e programas de r\u00e1dio e televis\u00e3o. O foco do trabalho de Karyna \u00e9 trazer a moda para todos os estilos e dessa forma valorizar a autoestima da mulher.<\/p>\n\n\n\n<p>Durante os desfiles, os associados e convidados puderam aproveitar um caf\u00e9 colonial e uma consultoria de cuidados com a pele com a Academia da Face, empresa respons\u00e1vel pela est\u00e9tica facial e corporal. Ao final do evento, a programa\u00e7\u00e3o do dia tamb\u00e9m incluiu&nbsp;um&nbsp;sorteio.<\/p>\n","protected":false},"excerpt":{"rendered":"<p>Evento do Clube Curitibano apresentou designs de roupa da Karyna Greipel e joias assinadas por Silvia D\u00f6ring Na tarde da \u00faltima quinta-feira (18), o Clube Curitibano realizou mais uma edi\u00e7\u00e3o do Ch\u00e1 Para Todos. O evento levou \u00e0 passarela do Sal\u00e3o Poty Lazzarotto o desfile da cole\u00e7\u00e3o de Karyna Greipel e as j\u00f3ias assinadas por [&hellip;]<\/p>\n","protected":false},"author":1,"featured_media":2479,"comment_status":"open","ping_status":"open","sticky":false,"template":"","format":"standard","meta":{"footnotes":""},"categories":[424],"tags":[],"class_list":["post-2478","post","type-post","status-publish","format-standard","has-post-thumbnail","hentry","category-curitiba"],"_links":{"self":[{"href":"https:\/\/diarioparanaense.com\/index.php?rest_route=\/wp\/v2\/posts\/2478","targetHints":{"allow":["GET"]}}],"collection":[{"href":"https:\/\/diarioparanaense.com\/index.php?rest_route=\/wp\/v2\/posts"}],"about":[{"href":"https:\/\/diarioparanaense.com\/index.php?rest_route=\/wp\/v2\/types\/post"}],"author":[{"embeddable":true,"href":"https:\/\/diarioparanaense.com\/index.php?rest_route=\/wp\/v2\/users\/1"}],"replies":[{"embeddable":true,"href":"https:\/\/diarioparanaense.com\/index.php?rest_route=%2Fwp%2Fv2%2Fcomments&post=2478"}],"version-history":[{"count":1,"href":"https:\/\/diarioparanaense.com\/index.php?rest_route=\/wp\/v2\/posts\/2478\/revisions"}],"predecessor-version":[{"id":2480,"href":"https:\/\/diarioparanaense.com\/index.php?rest_route=\/wp\/v2\/posts\/2478\/revisions\/2480"}],"wp:featuredmedia":[{"embeddable":true,"href":"https:\/\/diarioparanaense.com\/index.php?rest_route=\/wp\/v2\/media\/2479"}],"wp:attachment":[{"href":"https:\/\/diarioparanaense.com\/index.php?rest_route=%2Fwp%2Fv2%2Fmedia&parent=2478"}],"wp:term":[{"taxonomy":"category","embeddable":true,"href":"https:\/\/diarioparanaense.com\/index.php?rest_route=%2Fwp%2Fv2%2Fcategories&post=2478"},{"taxonomy":"post_tag","embeddable":true,"href":"https:\/\/diarioparanaense.com\/index.php?rest_route=%2Fwp%2Fv2%2Ftags&post=2478"}],"curies":[{"name":"wp","href":"https:\/\/api.w.org\/{rel}","templated":true}]}}