{"id":2475,"date":"2024-04-18T16:59:04","date_gmt":"2024-04-18T19:59:04","guid":{"rendered":"https:\/\/diarioparanaense.com\/?p=2475"},"modified":"2024-04-18T16:59:04","modified_gmt":"2024-04-18T19:59:04","slug":"expoapras-2024-vale-fertil-apresenta-lancamentos-e-abre-novos-publicos","status":"publish","type":"post","link":"https:\/\/diarioparanaense.com\/?p=2475","title":{"rendered":"ExpoApras 2024: Vale F\u00e9rtil apresenta lan\u00e7amentos e abre novos p\u00fablicos"},"content":{"rendered":"\n<p class=\"has-medium-font-size\">De olho em saudabilidade, empresa mira p\u00fablico infantil e atletas<\/p>\n\n\n\n<p>A Vale F\u00e9rtil, l\u00edder do setor de azeitonas no pa\u00eds e presente nos principais pontos do varejo nacional, estar\u00e1 presente na ExpoApras 2024, um dos principais eventos supermercadistas do estado do Paran\u00e1, que acontece entre os dias 16 e 18 de abril, em Pinhais. A feira reunir\u00e1 mais de 400 marcas expositoras apresentando os mais recentes lan\u00e7amentos, tecnologias e solu\u00e7\u00f5es voltadas para o varejo.<\/p>\n\n\n\n<p>A empresa contar\u00e1 com dois lan\u00e7amentos: o Olivito, primeiro lanchinho de azeitonas para crian\u00e7as, e o Oliv Snack Natural, um repositor energ\u00e9tico de apenas 73 calorias. Os lan\u00e7amentos visam saudabilidade e abrem novos p\u00fablicos para a Vale F\u00e9rtil. \u201cA Vale F\u00e9rtil \u00e9 l\u00edder no setor de azeitonas no Brasil, temos produtos que acompanham todos os momentos da fam\u00edlia. Mas faltava atender as crian\u00e7as e uma necessidade especial dos atletas. Tendo como base inova\u00e7\u00e3o, \u00e9 fundamental essa amplia\u00e7\u00e3o de portf\u00f3lio para que mais pessoas tenham acesso a qualidade \u00fanica dos nossos produtos\u201d, conta Martin Nucete Hernando, Gerente Nacional de vendas do Grupo Vale F\u00e9rtil.<\/p>\n\n\n\n<p class=\"has-medium-font-size\">Olivito<\/p>\n\n\n\n<p>O Olivito \u00e9 uma azeitona especialmente desenvolvida para crian\u00e7as no Brasil. Com ele, a marca traz uma op\u00e7\u00e3o saud\u00e1vel e pr\u00e1tica para as lancheiras das crian\u00e7as, destacando-se por sua inova\u00e7\u00e3o e qualidade 100% natural.<br>O &#8220;Olivito&#8221; \u00e9 um produto cuidadosamente concebido, produzido sem salmoura, com menor teor de s\u00f3dio e azeitonas de tamanhos menores e sem caro\u00e7o. Esses atributos tornam o produto uma escolha excepcional para os pais que buscam lanches nutritivos para seus filhos.<\/p>\n\n\n\n<p>O primeiro lanchinho de azeitona do Brasil \u00e9 embalado de forma conveniente para lanches escolares e atividades ao ar livre. Al\u00e9m disso, a sua formula\u00e7\u00e3o cuidadosamente equilibrada garante que seja uma op\u00e7\u00e3o saud\u00e1vel para as crian\u00e7as e uma alternativa aos lanches tradicionais e gordurosos dispon\u00edveis no mercado.<\/p>\n\n\n\n<p class=\"has-medium-font-size\">Oliv Snack Natural<\/p>\n\n\n\n<p>\u00danico no Brasil, o snack \u00e9 100% natural e atua como repositor energ\u00e9tico durante pr\u00e1ticas esportivas. Isso porque \u00e9 rico em carboidratos e conta com apenas 73 kcal, al\u00e9m de ser pr\u00e1tico e saud\u00e1vel &#8211; sem l\u00edquido, sem caro\u00e7o e sem conservantes. As azeitonas s\u00e3o probi\u00f3ticos, e consideradas uma fonte rica de energia, vitaminas,<br>fibras, minerais e antioxidantes. \u201cEstamos animados com os novos produtos, onde houve todo um processo cauteloso de desenvolvimento garantindo seguran\u00e7a e saudabilidade para as crian\u00e7as e atletas\u201d, finaliza o gerente Nacional de vendas do Grupo Vale F\u00e9rtil.<\/p>\n\n\n\n<p><strong>Servi\u00e7o ExpoApras 2024<br>Data<\/strong>: 16 a 18 de abril<br><strong>Hor\u00e1rio<\/strong>: Das 14h \u00e0s 21h<br><strong>Local<\/strong>: Expotrade Pinhais &#8211; Rod. Dep. Jo\u00e3o Leopoldo Jacomel, 10454 &#8211; Vila Amelia, Pinhais<\/p>\n\n\n\n<p><strong>Grupo Vale F\u00e9rtil: <\/strong>Fundada em 1991, a Vale F\u00e9rtil est\u00e1 presente nas principais redes de varejo, atacados e distribuidores do Pa\u00eds. Al\u00e9m de l\u00edder em vendas de azeitonas no Brasil, a empresa \u00e9 conhecida por sua sele\u00e7\u00e3o de azeites espanh\u00f3is e argentinos. As planta\u00e7\u00f5es de oliveiras do Grupo Vale F\u00e9rtil est\u00e3o localizadas na Argentina, pa\u00eds que deu origem \u00e0 empresa. Essas planta\u00e7\u00f5es s\u00e3o respons\u00e1veis por 30% da produ\u00e7\u00e3o de azeitonas do Grupo, que tamb\u00e9m tem fornecedores na Espanha, no Peru\u00a0e\u00a0no\u00a0Egito.<\/p>\n","protected":false},"excerpt":{"rendered":"<p>De olho em saudabilidade, empresa mira p\u00fablico infantil e atletas A Vale F\u00e9rtil, l\u00edder do setor de azeitonas no pa\u00eds e presente nos principais pontos do varejo nacional, estar\u00e1 presente na ExpoApras 2024, um dos principais eventos supermercadistas do estado do Paran\u00e1, que acontece entre os dias 16 e 18 de abril, em Pinhais. A [&hellip;]<\/p>\n","protected":false},"author":1,"featured_media":2476,"comment_status":"open","ping_status":"open","sticky":false,"template":"","format":"standard","meta":{"footnotes":""},"categories":[164],"tags":[],"class_list":["post-2475","post","type-post","status-publish","format-standard","has-post-thumbnail","hentry","category-saude-2"],"_links":{"self":[{"href":"https:\/\/diarioparanaense.com\/index.php?rest_route=\/wp\/v2\/posts\/2475","targetHints":{"allow":["GET"]}}],"collection":[{"href":"https:\/\/diarioparanaense.com\/index.php?rest_route=\/wp\/v2\/posts"}],"about":[{"href":"https:\/\/diarioparanaense.com\/index.php?rest_route=\/wp\/v2\/types\/post"}],"author":[{"embeddable":true,"href":"https:\/\/diarioparanaense.com\/index.php?rest_route=\/wp\/v2\/users\/1"}],"replies":[{"embeddable":true,"href":"https:\/\/diarioparanaense.com\/index.php?rest_route=%2Fwp%2Fv2%2Fcomments&post=2475"}],"version-history":[{"count":1,"href":"https:\/\/diarioparanaense.com\/index.php?rest_route=\/wp\/v2\/posts\/2475\/revisions"}],"predecessor-version":[{"id":2477,"href":"https:\/\/diarioparanaense.com\/index.php?rest_route=\/wp\/v2\/posts\/2475\/revisions\/2477"}],"wp:featuredmedia":[{"embeddable":true,"href":"https:\/\/diarioparanaense.com\/index.php?rest_route=\/wp\/v2\/media\/2476"}],"wp:attachment":[{"href":"https:\/\/diarioparanaense.com\/index.php?rest_route=%2Fwp%2Fv2%2Fmedia&parent=2475"}],"wp:term":[{"taxonomy":"category","embeddable":true,"href":"https:\/\/diarioparanaense.com\/index.php?rest_route=%2Fwp%2Fv2%2Fcategories&post=2475"},{"taxonomy":"post_tag","embeddable":true,"href":"https:\/\/diarioparanaense.com\/index.php?rest_route=%2Fwp%2Fv2%2Ftags&post=2475"}],"curies":[{"name":"wp","href":"https:\/\/api.w.org\/{rel}","templated":true}]}}