{"id":2472,"date":"2024-04-18T11:52:50","date_gmt":"2024-04-18T14:52:50","guid":{"rendered":"https:\/\/diarioparanaense.com\/?p=2472"},"modified":"2024-04-18T11:52:50","modified_gmt":"2024-04-18T14:52:50","slug":"novo-projeto-de-lei-do-perse-limitacoes","status":"publish","type":"post","link":"https:\/\/diarioparanaense.com\/?p=2472","title":{"rendered":"Novo Projeto de Lei do Perse: Limita\u00e7\u00f5es"},"content":{"rendered":"\n<p class=\"has-medium-font-size\"><strong>*Andr\u00e9ia Alves<\/strong><\/p>\n\n\n\n<p>Ap\u00f3s a resolu\u00e7\u00e3o da quest\u00e3o da desonera\u00e7\u00e3o da folha de pagamentos por meio do PL 493\/2024, os contribuintes esperavam que o acordo envolvendo a retomada do PERSE devolveria a situa\u00e7\u00e3o para os trilhos da seguran\u00e7a jur\u00eddica existente antes da publica\u00e7\u00e3o da MP 1.202\/2023.<\/p>\n\n\n\n<p>Contudo, o protocolo do PL 1026\/2024 na C\u00e2mara dos Deputados na noite do dia 27\/03\/2024, que redesenha o Programa Emergencial de Retomada do Setor de Eventos n\u00e3o se mostra apto a reparar o cen\u00e1rio ca\u00f3tico instaurado pela Medida Provis\u00f3ria na virada do ano passado.<\/p>\n\n\n\n<p>O projeto de lei 1026\/2024 reduz de 44 para 12 os segmentos definidos por C\u00f3digos da Classifica\u00e7\u00e3o Nacional de Atividades Econ\u00f4micas (CNAE) que ter\u00e3o direito a redu\u00e7\u00e3o das al\u00edquotas de PIS, COFINS, CSLL e IRPJ.<\/p>\n\n\n\n<p>Originalmente, o PERSE previa uma isen\u00e7\u00e3o de 60 meses para as sociedades empres\u00e1rias que atuassem no setor de turismo e eventos. Agora, existe uma nova regra de tributa\u00e7\u00e3o para os 12 setores remanescentes, com retomada gradual da cobran\u00e7a original. Para o PIS, a COFINS e a CSLL, o projeto prev\u00ea redu\u00e7\u00e3o de al\u00edquota de 45% para os fatos geradores entre 04\/2024 e 12\/2024; de 40% para 2025 e 25% para 2026. Por sua vez, para o IRPJ, o texto prev\u00ea desconto de 100% entre 01\/01\/2024 e 31\/12\/2024; de 40% para 2025; 25% para 2026.<\/p>\n\n\n\n<p>Aqui \u00e9 importante lembrar que mesmo a MP que revogava o programa n\u00e3o previa a retomada da exig\u00eancia do IRPJ para o ano-calend\u00e1rio de 2024, especialmente frente ao princ\u00edpio da anterioridade, o que significa que a manuten\u00e7\u00e3o de desconto de 100% no novo projeto de lei n\u00e3o implica em benef\u00edcio algum frente ao cen\u00e1rio ora estabelecido.<\/p>\n\n\n\n<p>O novo projeto tamb\u00e9m conta com uma veda\u00e7\u00e3o da concess\u00e3o do benef\u00edcio tribut\u00e1rio a empresas tributadas pelo lucro real (com faturamento anual superior a R$ 78 milh\u00f5es) ou pelo lucro arbitrado.<\/p>\n\n\n\n<p>Por fim, como um \u201cbenef\u00edcio\u201d, o Governo intenta instituir um programa de autorregulariza\u00e7\u00e3o para contribuintes que tenham usufru\u00eddo indevidamente o benef\u00edcio, que ficar\u00e1 aberto por at\u00e9 90 dias.<\/p>\n\n\n\n<p>Essa autorregulariza\u00e7\u00e3o se dar\u00e1 por meio de confiss\u00e3o e do pagamento ou parcelamento do valor integral dos \u201cd\u00e9bitos\u201d, acrescidos dos juros, com afastamento de multas de mora e de of\u00edcio em rela\u00e7\u00e3o aos fatos geradores anteriores a 03\/2024.<\/p>\n\n\n\n<p>A quest\u00e3o principal a ser observada \u00e9 que as isen\u00e7\u00f5es onerosas ou concedidas a prazo certo e determinado n\u00e3o podem ser revogadas ou modificadas por lei, seja pela leitura do artigo 178 do C\u00f3digo Tribut\u00e1rio Nacional, seja pelo princ\u00edpio constitucional que estabelece que a lei n\u00e3o pode prejudicar o direito adquirido, o ato jur\u00eddico perfeito ou a coisa julgada.<\/p>\n\n\n\n<p>Isto \u00e9, o manejo promovido na C\u00e2mara dos Deputados n\u00e3o corrige o equ\u00edvoco surgido com a publica\u00e7\u00e3o da MP 1.202\/2023 e os contribuintes que permanecerem sendo prejudicados (at\u00e9 porque a nova previs\u00e3o contempla uma redu\u00e7\u00e3o gradual dos benef\u00edcios) podem judicializar a quest\u00e3o, por meio de proposi\u00e7\u00e3o de Mandado de Seguran\u00e7a, considerando a resposta positiva aos contribuintes que o Poder Judici\u00e1rio vem dando para aqueles que resolveram buscar seus direitos.<\/p>\n\n\n\n<p><strong>*Andreia Alves<\/strong>, advogada especializada em Direito Societ\u00e1rio h\u00e1 25 anos e s\u00f3cia fundadora da Martinho &amp; Alves Advogados<\/p>\n","protected":false},"excerpt":{"rendered":"<p>*Andr\u00e9ia Alves Ap\u00f3s a resolu\u00e7\u00e3o da quest\u00e3o da desonera\u00e7\u00e3o da folha de pagamentos por meio do PL 493\/2024, os contribuintes esperavam que o acordo envolvendo a retomada do PERSE devolveria a situa\u00e7\u00e3o para os trilhos da seguran\u00e7a jur\u00eddica existente antes da publica\u00e7\u00e3o da MP 1.202\/2023. Contudo, o protocolo do PL 1026\/2024 na C\u00e2mara dos Deputados [&hellip;]<\/p>\n","protected":false},"author":1,"featured_media":2473,"comment_status":"open","ping_status":"open","sticky":false,"template":"","format":"standard","meta":{"footnotes":""},"categories":[29],"tags":[],"class_list":["post-2472","post","type-post","status-publish","format-standard","has-post-thumbnail","hentry","category-artigos"],"_links":{"self":[{"href":"https:\/\/diarioparanaense.com\/index.php?rest_route=\/wp\/v2\/posts\/2472","targetHints":{"allow":["GET"]}}],"collection":[{"href":"https:\/\/diarioparanaense.com\/index.php?rest_route=\/wp\/v2\/posts"}],"about":[{"href":"https:\/\/diarioparanaense.com\/index.php?rest_route=\/wp\/v2\/types\/post"}],"author":[{"embeddable":true,"href":"https:\/\/diarioparanaense.com\/index.php?rest_route=\/wp\/v2\/users\/1"}],"replies":[{"embeddable":true,"href":"https:\/\/diarioparanaense.com\/index.php?rest_route=%2Fwp%2Fv2%2Fcomments&post=2472"}],"version-history":[{"count":1,"href":"https:\/\/diarioparanaense.com\/index.php?rest_route=\/wp\/v2\/posts\/2472\/revisions"}],"predecessor-version":[{"id":2474,"href":"https:\/\/diarioparanaense.com\/index.php?rest_route=\/wp\/v2\/posts\/2472\/revisions\/2474"}],"wp:featuredmedia":[{"embeddable":true,"href":"https:\/\/diarioparanaense.com\/index.php?rest_route=\/wp\/v2\/media\/2473"}],"wp:attachment":[{"href":"https:\/\/diarioparanaense.com\/index.php?rest_route=%2Fwp%2Fv2%2Fmedia&parent=2472"}],"wp:term":[{"taxonomy":"category","embeddable":true,"href":"https:\/\/diarioparanaense.com\/index.php?rest_route=%2Fwp%2Fv2%2Fcategories&post=2472"},{"taxonomy":"post_tag","embeddable":true,"href":"https:\/\/diarioparanaense.com\/index.php?rest_route=%2Fwp%2Fv2%2Ftags&post=2472"}],"curies":[{"name":"wp","href":"https:\/\/api.w.org\/{rel}","templated":true}]}}