{"id":2458,"date":"2024-04-17T14:11:45","date_gmt":"2024-04-17T17:11:45","guid":{"rendered":"https:\/\/diarioparanaense.com\/?p=2458"},"modified":"2024-04-17T14:11:46","modified_gmt":"2024-04-17T17:11:46","slug":"secretaria-de-estado-da-saude-sesa-certifica-hospital-sao-vicente-em-alta-conformidade-em-uti","status":"publish","type":"post","link":"https:\/\/diarioparanaense.com\/?p=2458","title":{"rendered":"Secretaria de Estado da Sa\u00fade (Sesa) certifica Hospital S\u00e3o Vicente em Alta Conformidade em UTI"},"content":{"rendered":"\n<p class=\"has-medium-font-size\">Paran\u00e1 possui 128 hospitais com UTI e 48 institui\u00e7\u00f5es que realizam os servi\u00e7os de di\u00e1lise<\/p>\n\n\n\n<p>Hospitais com unidades de terapia intensiva (UTI) e com servi\u00e7os de di\u00e1lise participaram de encontro regional de seguran\u00e7a do paciente, promovido pelo Secretaria de Estado da Sa\u00fade (Sesa), em Curitiba.<\/p>\n\n\n\n<p>No evento, o Hospital S\u00e3o Vicente foi classificado como Alta Conformidade, a partir da Avalia\u00e7\u00e3o Nacional de Pr\u00e1ticas de Seguran\u00e7a do Paciente, coordenada pela Ag\u00eancia Nacional de Vigil\u00e2ncia Sanit\u00e1ria (Anvisa).<\/p>\n\n\n\n<p>Com o objetivo de discutir as pr\u00e1ticas relacionadas \u00e0 seguran\u00e7a do paciente, o semin\u00e1rio teve como foco central a avalia\u00e7\u00e3o das institui\u00e7\u00f5es de sa\u00fade quanto \u00e0 conformidade com os padr\u00f5es estabelecidos nesse quesito.<\/p>\n\n\n\n<p>Anualmente, a avalia\u00e7\u00e3o \u00e9 realizada para refor\u00e7ar a cultura da seguran\u00e7a nos servi\u00e7os e de boas pr\u00e1ticas de assist\u00eancia \u00e0 sa\u00fade em prol do paciente. Segundo a Secretaria da Sa\u00fade, o Paran\u00e1 possui 128 hospitais com UTI e 48 institui\u00e7\u00f5es que realizam os servi\u00e7os de di\u00e1lise, sendo que 117 aderiram voluntariamente \u00e0 avalia\u00e7\u00e3o nacional.<\/p>\n\n\n\n<p>\u201cA seguran\u00e7a e o cuidado com o paciente s\u00e3o norteadores das pr\u00e1ticas do S\u00e3o Vicente. Por isso, \u00e9 t\u00e3o importante estarmos com mais de 200 profissionais da \u00e1rea da sa\u00fade que valorizam as boas pr\u00e1ticas. \u00c9 de extrema import\u00e2ncia que o Estado realize esse tipo de iniciativa e reconhe\u00e7a o trabalho de lidar diariamente com desafios e sempre colocar a sa\u00fade do paciente em primeiro lugar\u201d, explica Marcia Schneider, diretora-executiva do Hospital S\u00e3o Vicente.<\/p>\n\n\n\n<p>Al\u00e9m da troca de experi\u00eancias, os profissionais da \u00e1rea tamb\u00e9m abordaram temas como elabora\u00e7\u00e3o dos Planos de Seguran\u00e7a do Paciente, uso de ferramentas de gest\u00e3o para o monitoramento do risco relacionado \u00e0 assist\u00eancia e notifica\u00e7\u00e3o de eventos adversos.<\/p>\n\n\n\n<p>Schneider ainda refor\u00e7ou que o semin\u00e1rio auxilia no planejamento e estrat\u00e9gia do hospital para prever poss\u00edveis oportunidades de melhoria cont\u00ednua para a qualidade do atendimento n\u00e3o s\u00f3 do paciente, mas tamb\u00e9m no apoio aos familiares que o acompanham. Para receber o pr\u00eamio estiveram presentes a dra. Cecilia Vasconcelos, direta t\u00e9cnica do Hospital S\u00e3o Vicente, e Ronielson Ferreira, coordenador de gest\u00e3o de qualidade do Hospital&nbsp;S\u00e3o&nbsp;Vicente.<\/p>\n","protected":false},"excerpt":{"rendered":"<p>Paran\u00e1 possui 128 hospitais com UTI e 48 institui\u00e7\u00f5es que realizam os servi\u00e7os de di\u00e1lise Hospitais com unidades de terapia intensiva (UTI) e com servi\u00e7os de di\u00e1lise participaram de encontro regional de seguran\u00e7a do paciente, promovido pelo Secretaria de Estado da Sa\u00fade (Sesa), em Curitiba. No evento, o Hospital S\u00e3o Vicente foi classificado como Alta [&hellip;]<\/p>\n","protected":false},"author":1,"featured_media":2459,"comment_status":"open","ping_status":"open","sticky":false,"template":"","format":"standard","meta":{"footnotes":""},"categories":[425],"tags":[],"class_list":["post-2458","post","type-post","status-publish","format-standard","has-post-thumbnail","hentry","category-parana"],"_links":{"self":[{"href":"https:\/\/diarioparanaense.com\/index.php?rest_route=\/wp\/v2\/posts\/2458","targetHints":{"allow":["GET"]}}],"collection":[{"href":"https:\/\/diarioparanaense.com\/index.php?rest_route=\/wp\/v2\/posts"}],"about":[{"href":"https:\/\/diarioparanaense.com\/index.php?rest_route=\/wp\/v2\/types\/post"}],"author":[{"embeddable":true,"href":"https:\/\/diarioparanaense.com\/index.php?rest_route=\/wp\/v2\/users\/1"}],"replies":[{"embeddable":true,"href":"https:\/\/diarioparanaense.com\/index.php?rest_route=%2Fwp%2Fv2%2Fcomments&post=2458"}],"version-history":[{"count":1,"href":"https:\/\/diarioparanaense.com\/index.php?rest_route=\/wp\/v2\/posts\/2458\/revisions"}],"predecessor-version":[{"id":2460,"href":"https:\/\/diarioparanaense.com\/index.php?rest_route=\/wp\/v2\/posts\/2458\/revisions\/2460"}],"wp:featuredmedia":[{"embeddable":true,"href":"https:\/\/diarioparanaense.com\/index.php?rest_route=\/wp\/v2\/media\/2459"}],"wp:attachment":[{"href":"https:\/\/diarioparanaense.com\/index.php?rest_route=%2Fwp%2Fv2%2Fmedia&parent=2458"}],"wp:term":[{"taxonomy":"category","embeddable":true,"href":"https:\/\/diarioparanaense.com\/index.php?rest_route=%2Fwp%2Fv2%2Fcategories&post=2458"},{"taxonomy":"post_tag","embeddable":true,"href":"https:\/\/diarioparanaense.com\/index.php?rest_route=%2Fwp%2Fv2%2Ftags&post=2458"}],"curies":[{"name":"wp","href":"https:\/\/api.w.org\/{rel}","templated":true}]}}