{"id":2454,"date":"2024-04-17T09:52:26","date_gmt":"2024-04-17T12:52:26","guid":{"rendered":"https:\/\/diarioparanaense.com\/?p=2454"},"modified":"2024-04-17T09:52:27","modified_gmt":"2024-04-17T12:52:27","slug":"rock-feira-e-muito-mais-bar-invasao-do-teatro-apresenta-o-garimpa-ai-uma-fusao-unica-de-estilo-e-diversidade","status":"publish","type":"post","link":"https:\/\/diarioparanaense.com\/?p=2454","title":{"rendered":"Rock, Feira e Muito Mais: Bar Invas\u00e3o do Teatro Apresenta o Garimpa A\u00ed, uma Fus\u00e3o \u00danica de Estilo e Diversidade"},"content":{"rendered":"\n<p class=\"has-medium-font-size\"><strong><em>Por Emanuelle Spack&nbsp;<\/em><\/strong><\/p>\n\n\n\n<p>No pr\u00f3ximo domingo, prepare-se para uma experi\u00eancia \u00fanica que combina o poder do Rock com a vibra\u00e7\u00e3o das feiras: \u00e9 a primeira edi\u00e7\u00e3o da feira coletiva <a href=\"https:\/\/www.instagram.com\/garimpa.aii\/\"><strong>Garimpa A\u00ed<\/strong><\/a>, que promete unir m\u00fasica, estilo, nostalgia e sustentabilidade no <a href=\"https:\/\/www.instagram.com\/invasaodoteatro\/\">Bar Invas\u00e3o do Teatro<\/a> para garimpos incr\u00edveis. Das 10h:00 \u00e0s 18h:00, a entrada \u00e9 franca para todos que desejam mergulhar nesse universo de descobertas e divers\u00e3o.<\/p>\n\n\n\n<p>Prepare-se para encontrar uma variedade incr\u00edvel de atra\u00e7\u00f5es, incluindo exposi\u00e7\u00f5es de brech\u00f3s, produtos de cultura nerd e geek, discos de vinil, itens de sex shop, flash tattoos, acess\u00f3rios e muito mais. Esta n\u00e3o \u00e9 apenas uma feira comum &#8211; \u00e9 uma celebra\u00e7\u00e3o da autenticidade, da m\u00fasica e do estilo de vida alternativo.<\/p>\n\n\n\n<p>Por tr\u00e1s desse projeto inovador est\u00e1 a empreendedora Kerolen Martins, figura j\u00e1 reconhecida no cen\u00e1rio de eventos em Curitiba. <em>\u201cO Garimpa A\u00ed n\u00e3o \u00e9 apenas mais um evento\u201d, <\/em>enfatiza Kerolen.<em> \u201c\u00c9 uma jornada que visa impulsionar a moda sustent\u00e1vel enquanto celebra a m\u00fasica e a cultura. Teremos produtos que capturam a verdadeira ess\u00eancia do rock, juntamente com itens que ecoam a est\u00e9tica rebelde e vibrante que tanto amamos.\u201d<\/em><\/p>\n\n\n\n<p>O verdadeiro diferencial do Garimpa A\u00ed reside na fus\u00e3o da cultura do rock com a experi\u00eancia de compra, criando um ambiente descontra\u00eddo e acolhedor, onde a divers\u00e3o e o apoio aos novos empreendedores s\u00e3o fundamentais. <em>\u201cEste \u00e9 um novo marco no cora\u00e7\u00e3o da cidade, mas nosso objetivo \u00e9 valorizar o antigo, porque, como diz o ditado, a pe\u00e7a mais sustent\u00e1vel \u00e9 aquela que j\u00e1 existe.\u201d<\/em><\/p>\n\n\n\n<p>Al\u00e9m das incr\u00edveis op\u00e7\u00f5es de compra, os visitantes podem esperar m\u00fasica ao vivo durante a tarde, <a href=\"https:\/\/www.instagram.com\/p\/C51u9ByOKWE\/\">sorteios<\/a> de vale-compras nas redes sociais e uma variedade de experi\u00eancias \u00fanicas. O evento ser\u00e1 dividido em dois espa\u00e7os, ocupando tanto a parte inferior do bar com alguns expositores quanto o segundo andar com suas pr\u00f3prias surpresas e atividades.<\/p>\n\n\n\n<p>Junte-se a n\u00f3s no Garimpa A\u00ed e descubra um mundo onde o rock encontra a moda, e onde a divers\u00e3o se encontra com a consci\u00eancia ambiental. Prepare-se para uma jornada \u00fanica de autenticidade, estilo e sustentabilidade.<\/p>\n\n\n<div class=\"wp-block-image\">\n<figure class=\"aligncenter size-full\"><img loading=\"lazy\" decoding=\"async\" width=\"500\" height=\"800\" src=\"https:\/\/diarioparanaense.com\/wp-content\/uploads\/2024\/04\/ae-1.jpg\" alt=\"\" class=\"wp-image-2456\" srcset=\"https:\/\/diarioparanaense.com\/wp-content\/uploads\/2024\/04\/ae-1.jpg 500w, https:\/\/diarioparanaense.com\/wp-content\/uploads\/2024\/04\/ae-1-188x300.jpg 188w, https:\/\/diarioparanaense.com\/wp-content\/uploads\/2024\/04\/ae-1-263x420.jpg 263w\" sizes=\"auto, (max-width: 500px) 100vw, 500px\" \/><\/figure><\/div>\n\n\n<p><strong>Servi\u00e7o<\/strong>&nbsp;<\/p>\n\n\n\n<p>\ud83c\udfec <strong>Feira Coletiva<\/strong> <strong>Garimpa A\u00ed<\/strong><\/p>\n\n\n\n<p>\ud83c\udfd8\ufe0f <strong>Local:<\/strong>&nbsp;Bar Invas\u00e3o do Teatro<\/p>\n\n\n\n<p>\ud83e\udded <strong>Endere\u00e7o:<\/strong>&nbsp;Rua Amintas de Barros,154 \u2013 Centro \u2013 Curitiba.<\/p>\n\n\n\n<p>\ud83c\udfab <strong>Entrada:<\/strong>&nbsp;Franca<\/p>\n\n\n\n<p>\ud83d\udcc5 <strong>Data:<\/strong>&nbsp;21 de abril &#8211; domingo<\/p>\n\n\n\n<p>\ud83d\udd5b <strong>Hor\u00e1rio:&nbsp;<\/strong>das 10h:00 \u00e0s 18h:00<\/p>\n\n\n\n<p>\ud83d\udcf1<a href=\"https:\/\/www.instagram.com\/garimpa.aii\/\"><strong> Instagram<\/strong><\/a><\/p>\n\n\n\n<p>\ud83d\udcf1 <a href=\"https:\/\/www.facebook.com\/profile.php?id=61557690909783\"><strong>Facebook<\/strong><\/a><strong><\/strong> \ud83d\udcf1<strong> <\/strong><a href=\"https:\/\/www.instagram.com\/p\/C51u9ByOKWE\/\"><strong>Sorteio<\/strong><\/a><\/p>\n","protected":false},"excerpt":{"rendered":"<p>Por Emanuelle Spack&nbsp; No pr\u00f3ximo domingo, prepare-se para uma experi\u00eancia \u00fanica que combina o poder do Rock com a vibra\u00e7\u00e3o das feiras: \u00e9 a primeira edi\u00e7\u00e3o da feira coletiva Garimpa A\u00ed, que promete unir m\u00fasica, estilo, nostalgia e sustentabilidade no Bar Invas\u00e3o do Teatro para garimpos incr\u00edveis. Das 10h:00 \u00e0s 18h:00, a entrada \u00e9 franca [&hellip;]<\/p>\n","protected":false},"author":1,"featured_media":2455,"comment_status":"open","ping_status":"open","sticky":false,"template":"","format":"standard","meta":{"footnotes":""},"categories":[424],"tags":[],"class_list":["post-2454","post","type-post","status-publish","format-standard","has-post-thumbnail","hentry","category-curitiba"],"_links":{"self":[{"href":"https:\/\/diarioparanaense.com\/index.php?rest_route=\/wp\/v2\/posts\/2454","targetHints":{"allow":["GET"]}}],"collection":[{"href":"https:\/\/diarioparanaense.com\/index.php?rest_route=\/wp\/v2\/posts"}],"about":[{"href":"https:\/\/diarioparanaense.com\/index.php?rest_route=\/wp\/v2\/types\/post"}],"author":[{"embeddable":true,"href":"https:\/\/diarioparanaense.com\/index.php?rest_route=\/wp\/v2\/users\/1"}],"replies":[{"embeddable":true,"href":"https:\/\/diarioparanaense.com\/index.php?rest_route=%2Fwp%2Fv2%2Fcomments&post=2454"}],"version-history":[{"count":1,"href":"https:\/\/diarioparanaense.com\/index.php?rest_route=\/wp\/v2\/posts\/2454\/revisions"}],"predecessor-version":[{"id":2457,"href":"https:\/\/diarioparanaense.com\/index.php?rest_route=\/wp\/v2\/posts\/2454\/revisions\/2457"}],"wp:featuredmedia":[{"embeddable":true,"href":"https:\/\/diarioparanaense.com\/index.php?rest_route=\/wp\/v2\/media\/2455"}],"wp:attachment":[{"href":"https:\/\/diarioparanaense.com\/index.php?rest_route=%2Fwp%2Fv2%2Fmedia&parent=2454"}],"wp:term":[{"taxonomy":"category","embeddable":true,"href":"https:\/\/diarioparanaense.com\/index.php?rest_route=%2Fwp%2Fv2%2Fcategories&post=2454"},{"taxonomy":"post_tag","embeddable":true,"href":"https:\/\/diarioparanaense.com\/index.php?rest_route=%2Fwp%2Fv2%2Ftags&post=2454"}],"curies":[{"name":"wp","href":"https:\/\/api.w.org\/{rel}","templated":true}]}}