{"id":2438,"date":"2024-04-15T15:38:17","date_gmt":"2024-04-15T18:38:17","guid":{"rendered":"https:\/\/diarioparanaense.com\/?p=2438"},"modified":"2024-04-15T15:38:17","modified_gmt":"2024-04-15T18:38:17","slug":"hospital-sao-vicente-marca-presenca-no-i-simposio-internacional-de-transplantes-do-cbcd","status":"publish","type":"post","link":"https:\/\/diarioparanaense.com\/?p=2438","title":{"rendered":"Hospital S\u00e3o Vicente marca presen\u00e7a no I Simp\u00f3sio Internacional de Transplantes do CBCD"},"content":{"rendered":"\n<p class=\"has-medium-font-size\">Institui\u00e7\u00e3o refer\u00eancia em transplante hep\u00e1tico e renal no Paran\u00e1 recebeu o convite para ter especialista como palestrante no evento; o Simp\u00f3sio tamb\u00e9m reuniu representantes da Universidade de Harvard e de Miami<\/p>\n\n\n\n<p>O I Simp\u00f3sio Internacional de Transplantes contou com palestras, mesas redondas e debates para contribuir com o avan\u00e7o cient\u00edfico e tecnol\u00f3gico. O evento foi promovido pelo Col\u00e9gio Brasileiro de Cirurgia Digestiva (CBCD) e realizado no audit\u00f3rio do Setor de Ci\u00eancias da Sa\u00fade da Universidade Federal do Paran\u00e1 (UFPR). Os dois dias de palestras reuniram especialistas em transplantes de todo o Brasil e do mundo.<\/p>\n\n\n\n<p>Reconhecido pelo Governo do Estado do Paran\u00e1, o Hospital S\u00e3o Vicente \u00e9 refer\u00eancia em transplante hep\u00e1tico e renal. O doutor N\u00e9rtan Luiz Tefilli, cirurgi\u00e3o hepatobiliar e coordenador do servi\u00e7o de transplante hep\u00e1tico do hospital, foi convidado para ser um dos palestrantes no Simp\u00f3sio.<\/p>\n\n\n\n<p>\u201cFoi gratificante receber esse convite em nome do Hospital S\u00e3o Vicente. Sinto-me muito honrado em poder representar a institui\u00e7\u00e3o, palestrar sobre a experi\u00eancia do hospital em transplante hep\u00e1tico e marcar presen\u00e7a em um evento t\u00e3o importante para a \u00e1rea\u201d, conta o doutor Tefilli.<\/p>\n\n\n\n<p>Estiveram presentes 49 especialistas na \u00e1rea de transplante de diversos \u00f3rg\u00e3os: f\u00edgado, rim, pulm\u00e3o, medula \u00f3ssea, cora\u00e7\u00e3o e p\u00e2ncreas. Entre esses, est\u00e3o os pioneiros na realiza\u00e7\u00e3o de diversos procedimentos no Estado do Paran\u00e1 e no Brasil.<\/p>\n\n\n\n<p>O foco do Simp\u00f3sio foi discutir os avan\u00e7os na \u00e1rea de transplantes, e como isso ir\u00e1 impactar positivamente na vida das pessoas. \u201cA minha expectativa era poder mostrar o excelente trabalho que nossa institui\u00e7\u00e3o realiza na \u00e1rea de doen\u00e7as do f\u00edgado em geral e em transplantes, com grande impacto sobre a sa\u00fade da popula\u00e7\u00e3o acometida com essas doen\u00e7as. E pelo resultado creio que consegui\u201d,&nbsp;declara&nbsp;N\u00e9rtan.<\/p>\n","protected":false},"excerpt":{"rendered":"<p>Institui\u00e7\u00e3o refer\u00eancia em transplante hep\u00e1tico e renal no Paran\u00e1 recebeu o convite para ter especialista como palestrante no evento; o Simp\u00f3sio tamb\u00e9m reuniu representantes da Universidade de Harvard e de Miami O I Simp\u00f3sio Internacional de Transplantes contou com palestras, mesas redondas e debates para contribuir com o avan\u00e7o cient\u00edfico e tecnol\u00f3gico. O evento foi [&hellip;]<\/p>\n","protected":false},"author":1,"featured_media":2439,"comment_status":"open","ping_status":"open","sticky":false,"template":"","format":"standard","meta":{"footnotes":""},"categories":[164],"tags":[],"class_list":["post-2438","post","type-post","status-publish","format-standard","has-post-thumbnail","hentry","category-saude-2"],"_links":{"self":[{"href":"https:\/\/diarioparanaense.com\/index.php?rest_route=\/wp\/v2\/posts\/2438","targetHints":{"allow":["GET"]}}],"collection":[{"href":"https:\/\/diarioparanaense.com\/index.php?rest_route=\/wp\/v2\/posts"}],"about":[{"href":"https:\/\/diarioparanaense.com\/index.php?rest_route=\/wp\/v2\/types\/post"}],"author":[{"embeddable":true,"href":"https:\/\/diarioparanaense.com\/index.php?rest_route=\/wp\/v2\/users\/1"}],"replies":[{"embeddable":true,"href":"https:\/\/diarioparanaense.com\/index.php?rest_route=%2Fwp%2Fv2%2Fcomments&post=2438"}],"version-history":[{"count":1,"href":"https:\/\/diarioparanaense.com\/index.php?rest_route=\/wp\/v2\/posts\/2438\/revisions"}],"predecessor-version":[{"id":2440,"href":"https:\/\/diarioparanaense.com\/index.php?rest_route=\/wp\/v2\/posts\/2438\/revisions\/2440"}],"wp:featuredmedia":[{"embeddable":true,"href":"https:\/\/diarioparanaense.com\/index.php?rest_route=\/wp\/v2\/media\/2439"}],"wp:attachment":[{"href":"https:\/\/diarioparanaense.com\/index.php?rest_route=%2Fwp%2Fv2%2Fmedia&parent=2438"}],"wp:term":[{"taxonomy":"category","embeddable":true,"href":"https:\/\/diarioparanaense.com\/index.php?rest_route=%2Fwp%2Fv2%2Fcategories&post=2438"},{"taxonomy":"post_tag","embeddable":true,"href":"https:\/\/diarioparanaense.com\/index.php?rest_route=%2Fwp%2Fv2%2Ftags&post=2438"}],"curies":[{"name":"wp","href":"https:\/\/api.w.org\/{rel}","templated":true}]}}