{"id":2432,"date":"2024-04-12T11:12:04","date_gmt":"2024-04-12T14:12:04","guid":{"rendered":"https:\/\/diarioparanaense.com\/?p=2432"},"modified":"2024-04-12T11:12:05","modified_gmt":"2024-04-12T14:12:05","slug":"sinepe-pr-promove-curso-sobre-curricularizacao-da-extensao","status":"publish","type":"post","link":"https:\/\/diarioparanaense.com\/?p=2432","title":{"rendered":"Sinepe\/PR promove curso sobre curriculariza\u00e7\u00e3o da extens\u00e3o"},"content":{"rendered":"\n<p>Gestores, coordenadores e demais colaboradores das IES participaram do curso \u201cCurriculariza\u00e7\u00e3o da Extens\u00e3o\u201d, ministrado pelo consultor associado da Hoper Educa\u00e7\u00e3o, Wildenilson Sinhorini. O evento ocorreu na tarde da \u00faltima ter\u00e7a-feira (09) e foi promovido pelo Sindicato das Escolas Particulares (Sinepe\/PR). A abertura foi promovida pelo Presidente do Sinepe\/PR, Prof. Sergio Herrero Moraes.<\/p>\n\n\n\n<p>A proposta da curriculariza\u00e7\u00e3o da extens\u00e3o consiste na adequa\u00e7\u00e3o dos Projetos Pedag\u00f3gicos de Curso (PPC), que visa garantir um percentual m\u00ednimo na carga hor\u00e1ria dos cursos para as atividades de extens\u00e3o, em atendimento \u00e0 resolu\u00e7\u00e3o n.\u00ba 7\/2018, do Conselho Nacional de Educa\u00e7\u00e3o.<\/p>\n\n\n\n<p>Segundo o consultor Wildenilson, \u00e9 uma pol\u00edtica que estimula as institui\u00e7\u00f5es a realizarem a\u00e7\u00f5es em prol de algo que \u00e9 de qualidade. \u201cIsso tem rela\u00e7\u00e3o com a extens\u00e3o, porque faz com que os cursos tenham uma intera\u00e7\u00e3o com a sociedade, e que passem a se preocupar com isso, se organizar com o registro acad\u00eamico e ter tamb\u00e9m iniciativas planejadas e documentadas no processo de avalia\u00e7\u00e3o de curso\u201d, explica.<\/p>\n\n\n\n<p>O evento trouxe tamb\u00e9m formas de fazer com que a extens\u00e3o possa acontecer na gradua\u00e7\u00e3o, e como isso n\u00e3o vai impactar diretamente no custo. \u201cExiste uma flexibilidade e que vai depender muito da organiza\u00e7\u00e3o de como a institui\u00e7\u00e3o ir\u00e1 realizar. Por isso, eu procurei mostrar no curso como a extens\u00e3o pode ocorrer por modalidades diferentes, projetos, programas, cursos, eventos, presta\u00e7\u00e3o de servi\u00e7o, entre outros\u201d, conta&nbsp;Wildenilson.<\/p>\n","protected":false},"excerpt":{"rendered":"<p>Gestores, coordenadores e demais colaboradores das IES participaram do curso \u201cCurriculariza\u00e7\u00e3o da Extens\u00e3o\u201d, ministrado pelo consultor associado da Hoper Educa\u00e7\u00e3o, Wildenilson Sinhorini. O evento ocorreu na tarde da \u00faltima ter\u00e7a-feira (09) e foi promovido pelo Sindicato das Escolas Particulares (Sinepe\/PR). A abertura foi promovida pelo Presidente do Sinepe\/PR, Prof. Sergio Herrero Moraes. A proposta da [&hellip;]<\/p>\n","protected":false},"author":1,"featured_media":2433,"comment_status":"open","ping_status":"open","sticky":false,"template":"","format":"standard","meta":{"footnotes":""},"categories":[425],"tags":[],"class_list":["post-2432","post","type-post","status-publish","format-standard","has-post-thumbnail","hentry","category-parana"],"_links":{"self":[{"href":"https:\/\/diarioparanaense.com\/index.php?rest_route=\/wp\/v2\/posts\/2432","targetHints":{"allow":["GET"]}}],"collection":[{"href":"https:\/\/diarioparanaense.com\/index.php?rest_route=\/wp\/v2\/posts"}],"about":[{"href":"https:\/\/diarioparanaense.com\/index.php?rest_route=\/wp\/v2\/types\/post"}],"author":[{"embeddable":true,"href":"https:\/\/diarioparanaense.com\/index.php?rest_route=\/wp\/v2\/users\/1"}],"replies":[{"embeddable":true,"href":"https:\/\/diarioparanaense.com\/index.php?rest_route=%2Fwp%2Fv2%2Fcomments&post=2432"}],"version-history":[{"count":1,"href":"https:\/\/diarioparanaense.com\/index.php?rest_route=\/wp\/v2\/posts\/2432\/revisions"}],"predecessor-version":[{"id":2434,"href":"https:\/\/diarioparanaense.com\/index.php?rest_route=\/wp\/v2\/posts\/2432\/revisions\/2434"}],"wp:featuredmedia":[{"embeddable":true,"href":"https:\/\/diarioparanaense.com\/index.php?rest_route=\/wp\/v2\/media\/2433"}],"wp:attachment":[{"href":"https:\/\/diarioparanaense.com\/index.php?rest_route=%2Fwp%2Fv2%2Fmedia&parent=2432"}],"wp:term":[{"taxonomy":"category","embeddable":true,"href":"https:\/\/diarioparanaense.com\/index.php?rest_route=%2Fwp%2Fv2%2Fcategories&post=2432"},{"taxonomy":"post_tag","embeddable":true,"href":"https:\/\/diarioparanaense.com\/index.php?rest_route=%2Fwp%2Fv2%2Ftags&post=2432"}],"curies":[{"name":"wp","href":"https:\/\/api.w.org\/{rel}","templated":true}]}}