{"id":2425,"date":"2024-04-11T14:05:11","date_gmt":"2024-04-11T17:05:11","guid":{"rendered":"https:\/\/diarioparanaense.com\/?p=2425"},"modified":"2024-04-11T14:05:12","modified_gmt":"2024-04-11T17:05:12","slug":"o-palco-da-novas-estrelas-do-sertanejo-moda-music-projeto-que-chega-para-revelar-novos-talentos-esta-na-expolondrina","status":"publish","type":"post","link":"https:\/\/diarioparanaense.com\/?p=2425","title":{"rendered":"O PALCO DA NOVAS ESTRELAS DO SERTANEJO! MODA MUSIC, PROJETO QUE CHEGA PARA REVELAR NOVOS TALENTOS, EST\u00c1 NA EXPOLONDRINA"},"content":{"rendered":"\n<p class=\"has-medium-font-size\"><em>A parceria da Virgin Music Group e ClanDVT visa descobrir, lan\u00e7ar e promover novos expoentes do ritmo, atrav\u00e9s da exposi\u00e7\u00e3o nos palcos dos principais eventos sertanejos do pa\u00eds <\/em><\/p>\n\n\n\n<p>O selo <strong>Moda Music<\/strong> nasce com a proposta de oferecer o caminho do estrelato para os tantos artistas brilhantes espalhados por todos os cantos do Brasil. Fazem parte do projeto, originado a partir de uma parceria entre a <strong>Virgin Music Group<\/strong> e <strong>Clan DVT<\/strong>, os maiores eventos sertanejos do pa\u00eds.<br><br><\/p>\n\n\n\n<p><strong>Moda Music<\/strong> ganhou uma vers\u00e3o beta e alguns empres\u00e1rios do mercado sertanejo experienciaram essa nova colabora\u00e7\u00e3o atrav\u00e9s da indica\u00e7\u00e3o de novos artistas para embarcarem no projeto. Dessa forma, novos talentos j\u00e1 puderam conhecer a iniciativa, se inscrever no site oficial, lan\u00e7ar suas m\u00fasicas atrav\u00e9s do selo e, assim, ganharam a oportunidade de serem escolhidos para participar dos grandes eventos sertanejos.<\/p>\n\n\n\n<p>Neste final de semana, <strong>Cesinha &amp; Matheus<\/strong> abriram as apresenta\u00e7\u00f5es de domingo da ExpoLondrina. A dupla genuinamente se emocionou com a oportunidade e o p\u00fablico de mais de 25 mil pessoas retribuiu com muito carinho. Antes de Luan Santana, os sertanejos fizeram um show completo e agitaram a galera com a nova m\u00fasica, \u201c<a href=\"https:\/\/virginmusicbr.lnk.to\/FiDaBagaceiraPR%20.\">Fi da Bagaceira<\/a>\u201d, entre outras modas.<\/p>\n\n\n\n<p>\u201c<em>A gente queria agradecer demais a todos voc\u00eas que nos acompanharam e deram o sangue nessa semana. Foi Deus que nos proporcionou essa oportunidade \u00fanica\u201d, <\/em>comemorou Matheus.<\/p>\n\n\n<div class=\"wp-block-image\">\n<figure class=\"aligncenter size-full\"><img loading=\"lazy\" decoding=\"async\" width=\"800\" height=\"388\" src=\"https:\/\/diarioparanaense.com\/wp-content\/uploads\/2024\/04\/Imagem2.jpg\" alt=\"\" class=\"wp-image-2426\" srcset=\"https:\/\/diarioparanaense.com\/wp-content\/uploads\/2024\/04\/Imagem2.jpg 800w, https:\/\/diarioparanaense.com\/wp-content\/uploads\/2024\/04\/Imagem2-300x146.jpg 300w, https:\/\/diarioparanaense.com\/wp-content\/uploads\/2024\/04\/Imagem2-768x372.jpg 768w, https:\/\/diarioparanaense.com\/wp-content\/uploads\/2024\/04\/Imagem2-696x338.jpg 696w\" sizes=\"auto, (max-width: 800px) 100vw, 800px\" \/><\/figure><\/div>\n\n\n<p class=\"has-medium-font-size\"><strong>E VEM MAIS POR A\u00cd&#8230;<br><br><\/strong>No pr\u00f3ximo dia 14, \u00e9 a vez de a dupla <strong>Neto e Guilherme<\/strong> performar no palco principal, antes do show da boiadeira, Ana Castela.<\/p>\n\n\n\n<p>\u201c<em>Estamos na maior expectativa para o show deste final de semana e muito felizes com essa oportunidade. A ansiedade est\u00e1 muito alta para fazer esse show, que ser\u00e1 muito importante para a gente. Estamos preparando um showz\u00e3o para todo esse p\u00fablico. Muito obrigada ao Moda Music por essa oportunidade. Nos vemos no domingo!<\/em>\u201d, disseram Neto e Guilherme.<\/p>\n\n\n\n<p>O aguardado lan\u00e7amento do selo <strong>Moda Music<\/strong> est\u00e1 prestes a acontecer! Ainda em abril, os aspirantes a novos artistas que anseiam por uma chance de brilhar nos grandes palcos do cen\u00e1rio sertanejo ter\u00e3o acesso \u00e0 plataforma. Com uma proposta inovadora e uma equipe comprometida com o sucesso das novas estrelas do sertanejo, o <strong>Moda Music<\/strong> est\u00e1 pronto para transformar sonhos em realidade. Para os artistas, \u00e9 o momento de preparar suas melhores m\u00fasicas e se juntar nessa emocionante jornada.<\/p>\n\n\n\n<p>A m\u00fasica sertaneja, da moda de viola aos novos estilos e vertentes do sertanejo, tem agora um grande projeto para trabalhar seus novos talentos. Fique ligado para mais novidades em breve!<\/p>\n\n\n\n<p>Atualmente, a Virgin Music Group presta os servi\u00e7os de distribui\u00e7\u00e3o e label service para grandes artistas e escrit\u00f3rios do segmento sertanejo, como Henrique &amp; Juliano, Michel Tel\u00f3, Clayton &amp; Rom\u00e1rio, WorkShow e Luan Promo\u00e7\u00f5es. A ClanDVT faz parte de um dos maiores grupos de entretenimento do pa\u00eds, o Grupo DVT, respons\u00e1vel pelo Circuito Sertanejo, em parceria com a Ambev e o Grupo Globo.<\/p>\n\n\n\n<p><strong>Sobre Cesinha &amp; Matheus:<\/strong><\/p>\n\n\n\n<p>A dupla \u00e9 de Presidente Prudente, cidade do interior de S\u00e3o Paulo, onde iniciou sua carreira na m\u00fasica como compositores. Fernando &amp; Sorocaba,&nbsp;Matheus&nbsp;&amp; Kauan, Israel &amp; Rodolffo, Thaeme &amp; Thiago, Pedro Paulo &amp; Alex&nbsp;e&nbsp;Munhoz &amp; Mariano, Z\u00e9 Felipe, Bruninho &amp; Davi, Clayton&nbsp;e&nbsp;Rom\u00e1rio s\u00e3o alguns dos grandes nomes do mercado que j\u00e1 gravaram composi\u00e7\u00f5es da dupla.&nbsp;<\/p>\n\n\n\n<p>A dupla <strong>Cesinha&nbsp;&amp;&nbsp;Matheus<\/strong>&nbsp;apresentou recentemente seu novo single, \u201cFi da Bagaceira\u201d, pelo selo <strong>Moda Music<\/strong>. Ou\u00e7a e baixe aqui: <a href=\"https:\/\/virginmusicbr.lnk.to\/FiDaBagaceiraPR\" target=\"_blank\" rel=\"noreferrer noopener\">https:\/\/virginmusicbr.lnk.to\/FiDaBagaceiraPR<\/a>&nbsp;. Tem gente que nem sempre foi da &#8220;bagaceira&#8221;; muitos se esfor\u00e7aram, correram atr\u00e1s e se cansaram de tentar ser diferente. E foi assim que surgiu &#8220;Fi da Bagaceira&#8221;, aquele que ama a &#8220;moagem&#8221;, s\u00f3 toma cerveja trincando e se n\u00e3o manda na festa ele manda fechar. A m\u00fasica vem cheia da irrever\u00eancia caracter\u00edstica da dupla.<\/p>\n\n\n\n<p class=\"has-medium-font-size\"><strong>Sobre Neto e Guilherme:<\/strong><\/p>\n\n\n\n<p><strong>Neto e Guilherme<\/strong> s\u00e3o naturais do interior do estado de S\u00e3o Paulo. Neto \u00e9 de Bebedouro, onde iniciou os primeiros passos desde muito novo, quando ganhou um concurso regional Viola de Todos os Cantos, promovido pela EPTV \u2013 Afiliada da Rede Globo. Guilherme \u00e9 de Ribeir\u00e3o Preto e a m\u00fasica sempre esteve presente desde muito novo. Ele aprendeu com av\u00f4 nas folias de Reis. Em 2022, Neto e Guilherme cantaram juntos pela primeira vez e a energia e o talento dos dois bateu forte. Carlos e Euripedes hoje formam a dupla Neto e Guilherme.&nbsp;<\/p>\n\n\n\n<p>Recentemente, a dupla apresentou seu primeiro single, \u201cOs Buteco Tem Ouvido\u201d, em parceria com o selo Moda Music, uma moda que promete projetar a dupla para alcan\u00e7ar grandes p\u00fablicos. A can\u00e7\u00e3o fala sobre algu\u00e9m que diz amar na cara, mas n\u00e3o para o mundo e essa fofoca sempre chega a quem n\u00e3o deveria. O novo single marca o in\u00edcio dos lan\u00e7amentos do novo projeto da dupla, o DVD \u201c<em>HAJA LUZ<\/em>\u201d, gravado em Barretos (SP). Ou\u00e7a e baixe aqui: <a href=\"https:\/\/virginmusicbr.lnk.to\/OsButecoTemOuvidoPR\">https:\/\/virginmusicbr.lnk.to\/OsButecoTemOuvidoPR<\/a>&nbsp;.<\/p>\n","protected":false},"excerpt":{"rendered":"<p>A parceria da Virgin Music Group e ClanDVT visa descobrir, lan\u00e7ar e promover novos expoentes do ritmo, atrav\u00e9s da exposi\u00e7\u00e3o nos palcos dos principais eventos sertanejos do pa\u00eds O selo Moda Music nasce com a proposta de oferecer o caminho do estrelato para os tantos artistas brilhantes espalhados por todos os cantos do Brasil. Fazem [&hellip;]<\/p>\n","protected":false},"author":1,"featured_media":2427,"comment_status":"open","ping_status":"open","sticky":false,"template":"","format":"standard","meta":{"footnotes":""},"categories":[27],"tags":[],"class_list":["post-2425","post","type-post","status-publish","format-standard","has-post-thumbnail","hentry","category-musica"],"_links":{"self":[{"href":"https:\/\/diarioparanaense.com\/index.php?rest_route=\/wp\/v2\/posts\/2425","targetHints":{"allow":["GET"]}}],"collection":[{"href":"https:\/\/diarioparanaense.com\/index.php?rest_route=\/wp\/v2\/posts"}],"about":[{"href":"https:\/\/diarioparanaense.com\/index.php?rest_route=\/wp\/v2\/types\/post"}],"author":[{"embeddable":true,"href":"https:\/\/diarioparanaense.com\/index.php?rest_route=\/wp\/v2\/users\/1"}],"replies":[{"embeddable":true,"href":"https:\/\/diarioparanaense.com\/index.php?rest_route=%2Fwp%2Fv2%2Fcomments&post=2425"}],"version-history":[{"count":1,"href":"https:\/\/diarioparanaense.com\/index.php?rest_route=\/wp\/v2\/posts\/2425\/revisions"}],"predecessor-version":[{"id":2428,"href":"https:\/\/diarioparanaense.com\/index.php?rest_route=\/wp\/v2\/posts\/2425\/revisions\/2428"}],"wp:featuredmedia":[{"embeddable":true,"href":"https:\/\/diarioparanaense.com\/index.php?rest_route=\/wp\/v2\/media\/2427"}],"wp:attachment":[{"href":"https:\/\/diarioparanaense.com\/index.php?rest_route=%2Fwp%2Fv2%2Fmedia&parent=2425"}],"wp:term":[{"taxonomy":"category","embeddable":true,"href":"https:\/\/diarioparanaense.com\/index.php?rest_route=%2Fwp%2Fv2%2Fcategories&post=2425"},{"taxonomy":"post_tag","embeddable":true,"href":"https:\/\/diarioparanaense.com\/index.php?rest_route=%2Fwp%2Fv2%2Ftags&post=2425"}],"curies":[{"name":"wp","href":"https:\/\/api.w.org\/{rel}","templated":true}]}}