{"id":2422,"date":"2024-04-11T13:45:08","date_gmt":"2024-04-11T16:45:08","guid":{"rendered":"https:\/\/diarioparanaense.com\/?p=2422"},"modified":"2024-04-11T13:45:08","modified_gmt":"2024-04-11T16:45:08","slug":"combate-a-halitose-no-dia-do-jovem","status":"publish","type":"post","link":"https:\/\/diarioparanaense.com\/?p=2422","title":{"rendered":"Combate a halitose no Dia do Jovem"},"content":{"rendered":"\n<p class=\"has-medium-font-size\">Um desafio a sa\u00fade p\u00fablica<\/p>\n\n\n\n<p>Neste Dia do Jovem \u00e9 importante observar a sa\u00fade pessoal de cada um\u2026 nesta \u00e9poca da vida onde a independ\u00eancia tem in\u00edcio \u00e9 comum deixar de lado a pr\u00f3pria sa\u00fade, isso pode causar problemas como a halitose, comumente conhecida como mau h\u00e1lito. Caracterizada pelo odor desagrad\u00e1vel emanado da boca, a halitose n\u00e3o apenas afeta o bem-estar f\u00edsico, mas tamb\u00e9m tem implica\u00e7\u00f5es sociais e emocionais significativas, influenciando a autoestima e as intera\u00e7\u00f5es interpessoais.<\/p>\n\n\n\n<p>Dra. Cl\u00e1udia Gobor, dentista especializada em halitose, aponta uma variedade de causas para o problema, desde a m\u00e1 higiene bucal at\u00e9 condi\u00e7\u00f5es m\u00e9dicas mais complexas. Entre os jovens, a neglig\u00eancia com a sa\u00fade bucal \u00e9 frequentemente citada como um dos principais fatores. O consumo de alimentos ricos em a\u00e7\u00facares e amidos, junto \u00e0 falha em realizar uma escova\u00e7\u00e3o adequada e o uso de fio dental, pode levar ao ac\u00famulo de bact\u00e9rias produtoras de odores na boca.<\/p>\n\n\n\n<p>&#8220;Al\u00e9m disso, a desidrata\u00e7\u00e3o, comum entre aqueles que n\u00e3o se hidratam suficientemente durante o dia, pode exacerb\u00e1-la, pois a saliva tem um papel crucial na limpeza da boca e na remo\u00e7\u00e3o de part\u00edculas de comida e bact\u00e9rias. H\u00e1bitos como o fumo e o consumo de \u00e1lcool tamb\u00e9m s\u00e3o fatores agravantes&#8221;, diz a especialista<\/p>\n\n\n\n<p>Contudo, n\u00e3o se deve ignorar que, em alguns casos, a halitose pode ser o sintoma de condi\u00e7\u00f5es m\u00e9dicas mais s\u00e9rias, tais como doen\u00e7as periodontais, diabetes, problemas hep\u00e1ticos ou renais. Assim, a avalia\u00e7\u00e3o por um profissional de sa\u00fade capacitado torna-se indispens\u00e1vel para um diagn\u00f3stico preciso e o tratamento adequado.<\/p>\n\n\n\n<p>Diante deste cen\u00e1rio, as campanhas de sa\u00fade p\u00fablica voltadas para a juventude t\u00eam intensificado os esfor\u00e7os de conscientiza\u00e7\u00e3o sobre a import\u00e2ncia da higiene bucal e do cuidado integral com a sa\u00fade. Dentistas e m\u00e9dicos recomendam a escova\u00e7\u00e3o regular dos dentes, o uso de fio dental diariamente e visitas regulares ao dentista como medidas preventivas essenciais. Ademais, enfatizam a import\u00e2ncia de uma dieta equilibrada e a ingest\u00e3o di\u00e1ria de l\u00edquidos adequada para a manuten\u00e7\u00e3o da sa\u00fade bucal e sist\u00eamica.<\/p>\n\n\n\n<p>A halitose na juventude, embora frequentemente negligenciada, \u00e9 um problema de sa\u00fade p\u00fablica que demanda aten\u00e7\u00e3o e a\u00e7\u00e3o. Com o engajamento de profissionais de sa\u00fade, educadores e da pr\u00f3pria comunidade jovem, \u00e9 poss\u00edvel promover mudan\u00e7as positivas nos h\u00e1bitos de sa\u00fade bucal, reduzindo a incid\u00eancia deste constrangedor, por\u00e9m trat\u00e1vel, problema.<\/p>\n\n\n\n<p><strong>Servi\u00e7o<\/strong>: <strong>Dra. Cl\u00e1udia C. Gobor<\/strong><br>Cirurgi\u00e3 Dentista especialista pelo MEC no tratamento da Halitose<br>Ex-Presidente e atual Diretora Executiva da Associa\u00e7\u00e3o Brasileira de Halitose<br><a href=\"https:\/\/www.bomhalitocuritiba.com.br\/\n\">https:\/\/www.bomhalitocuritiba.com.br\/<br><\/a>(41) 3022-3131 | (41) 99977-7087<br><strong>Redes sociais<\/strong>: Instagram: @bomhalitocuritiba<br><strong>Facebook<\/strong>: @bomhalitocuritiba<\/p>\n","protected":false},"excerpt":{"rendered":"<p>Um desafio a sa\u00fade p\u00fablica Neste Dia do Jovem \u00e9 importante observar a sa\u00fade pessoal de cada um\u2026 nesta \u00e9poca da vida onde a independ\u00eancia tem in\u00edcio \u00e9 comum deixar de lado a pr\u00f3pria sa\u00fade, isso pode causar problemas como a halitose, comumente conhecida como mau h\u00e1lito. Caracterizada pelo odor desagrad\u00e1vel emanado da boca, a [&hellip;]<\/p>\n","protected":false},"author":1,"featured_media":2423,"comment_status":"open","ping_status":"open","sticky":false,"template":"","format":"standard","meta":{"footnotes":""},"categories":[164],"tags":[],"class_list":["post-2422","post","type-post","status-publish","format-standard","has-post-thumbnail","hentry","category-saude-2"],"_links":{"self":[{"href":"https:\/\/diarioparanaense.com\/index.php?rest_route=\/wp\/v2\/posts\/2422","targetHints":{"allow":["GET"]}}],"collection":[{"href":"https:\/\/diarioparanaense.com\/index.php?rest_route=\/wp\/v2\/posts"}],"about":[{"href":"https:\/\/diarioparanaense.com\/index.php?rest_route=\/wp\/v2\/types\/post"}],"author":[{"embeddable":true,"href":"https:\/\/diarioparanaense.com\/index.php?rest_route=\/wp\/v2\/users\/1"}],"replies":[{"embeddable":true,"href":"https:\/\/diarioparanaense.com\/index.php?rest_route=%2Fwp%2Fv2%2Fcomments&post=2422"}],"version-history":[{"count":1,"href":"https:\/\/diarioparanaense.com\/index.php?rest_route=\/wp\/v2\/posts\/2422\/revisions"}],"predecessor-version":[{"id":2424,"href":"https:\/\/diarioparanaense.com\/index.php?rest_route=\/wp\/v2\/posts\/2422\/revisions\/2424"}],"wp:featuredmedia":[{"embeddable":true,"href":"https:\/\/diarioparanaense.com\/index.php?rest_route=\/wp\/v2\/media\/2423"}],"wp:attachment":[{"href":"https:\/\/diarioparanaense.com\/index.php?rest_route=%2Fwp%2Fv2%2Fmedia&parent=2422"}],"wp:term":[{"taxonomy":"category","embeddable":true,"href":"https:\/\/diarioparanaense.com\/index.php?rest_route=%2Fwp%2Fv2%2Fcategories&post=2422"},{"taxonomy":"post_tag","embeddable":true,"href":"https:\/\/diarioparanaense.com\/index.php?rest_route=%2Fwp%2Fv2%2Ftags&post=2422"}],"curies":[{"name":"wp","href":"https:\/\/api.w.org\/{rel}","templated":true}]}}