{"id":2416,"date":"2024-04-10T11:05:50","date_gmt":"2024-04-10T14:05:50","guid":{"rendered":"https:\/\/diarioparanaense.com\/?p=2416"},"modified":"2024-04-10T11:05:51","modified_gmt":"2024-04-10T14:05:51","slug":"livro-lancado-em-maio-surge-com-tematica-de-reducao-de-impostos-com-dicas-e-estrategias-na-tributacao-e-contabilidade","status":"publish","type":"post","link":"https:\/\/diarioparanaense.com\/?p=2416","title":{"rendered":"Livro lan\u00e7ado em Maio surge com tem\u00e1tica de redu\u00e7\u00e3o de impostos com dicas e estrat\u00e9gias na tributa\u00e7\u00e3o e contabilidade."},"content":{"rendered":"\n<p class=\"has-medium-font-size\">A capital baiana se tornar\u00e1 palco de uma discuss\u00e3o crucial sobre Contabilidade &amp; Tributa\u00e7\u00e3o com o lan\u00e7amento do livro &#8220;Tributa\u00e7\u00e3o e Contabilidade: Estrat\u00e9gia Para Redu\u00e7\u00e3o de Impostos.&#8221;<br>Escrito pela autora Daiana Paix\u00e3o e um time de coautores especializados no assunto.<\/p>\n\n\n\n<p>O livro apresenta um conhecimento t\u00e9cnico, pr\u00e1tico de quem vive e vivencia diariamente a ci\u00eancia da contabilidade.<br>Oportunizando novas personas da ci\u00eancia, como os rec\u00e9m- formados na \u00e1rea tribut\u00e1ria e cont\u00e1beis. Trazendo contextualiza\u00e7\u00e3o para fortalecimento dos saberes dos acad\u00eamicos.<br>Editado pela renomada editora Alta Performance, escrito em cap\u00edtulos pelos coautores: Ana Paula Hurts, C\u00e9lia Sacramento, Elisangela Fernandes, Isabela Ventura, Inamarcia Gonzalez, Jenniker de Almeida, Mariana Aras Gomes, Marcelo Pinho, Michelle Alexandrino, Paulo Henrique Santos, Sandoval Costa Neto, Rozilene de Jesus e Tain\u00e1 Pereira. Todos com sua expertise no assunto.<\/p>\n\n\n\n<blockquote class=\"wp-block-quote is-layout-flow wp-block-quote-is-layout-flow\">\n<p>O lan\u00e7ando acontece dia 20 de maio deste ano, \u00e0s 18h30, no audit\u00f3rio do Conselho Regional de Contabilidade da Bahia, em Salvador.<\/p>\n<\/blockquote>\n\n\n\n<p>&#8220;Ser\u00e1 uma noite enriquecedora, repleta de insights fiscais e orienta\u00e7\u00f5es pr\u00e1ticas. A leitura ser\u00e1 o cen\u00e1rio perfeito para a troca de conhecimentos sobre as \u00faltimas estrat\u00e9gias tribut\u00e1rias. Um convite imperd\u00edvel para todos que buscam otimizar a gest\u00e3o financeira e tribut\u00e1ria de seus neg\u00f3cios.&#8221;<br>Afirma a autora&nbsp;Daiana&nbsp;Paix\u00e3o.<\/p>\n","protected":false},"excerpt":{"rendered":"<p>A capital baiana se tornar\u00e1 palco de uma discuss\u00e3o crucial sobre Contabilidade &amp; Tributa\u00e7\u00e3o com o lan\u00e7amento do livro &#8220;Tributa\u00e7\u00e3o e Contabilidade: Estrat\u00e9gia Para Redu\u00e7\u00e3o de Impostos.&#8221;Escrito pela autora Daiana Paix\u00e3o e um time de coautores especializados no assunto. O livro apresenta um conhecimento t\u00e9cnico, pr\u00e1tico de quem vive e vivencia diariamente a ci\u00eancia da [&hellip;]<\/p>\n","protected":false},"author":1,"featured_media":2417,"comment_status":"open","ping_status":"open","sticky":false,"template":"","format":"standard","meta":{"footnotes":""},"categories":[186,142],"tags":[],"class_list":["post-2416","post","type-post","status-publish","format-standard","has-post-thumbnail","hentry","category-eventos","category-literatura"],"_links":{"self":[{"href":"https:\/\/diarioparanaense.com\/index.php?rest_route=\/wp\/v2\/posts\/2416","targetHints":{"allow":["GET"]}}],"collection":[{"href":"https:\/\/diarioparanaense.com\/index.php?rest_route=\/wp\/v2\/posts"}],"about":[{"href":"https:\/\/diarioparanaense.com\/index.php?rest_route=\/wp\/v2\/types\/post"}],"author":[{"embeddable":true,"href":"https:\/\/diarioparanaense.com\/index.php?rest_route=\/wp\/v2\/users\/1"}],"replies":[{"embeddable":true,"href":"https:\/\/diarioparanaense.com\/index.php?rest_route=%2Fwp%2Fv2%2Fcomments&post=2416"}],"version-history":[{"count":1,"href":"https:\/\/diarioparanaense.com\/index.php?rest_route=\/wp\/v2\/posts\/2416\/revisions"}],"predecessor-version":[{"id":2418,"href":"https:\/\/diarioparanaense.com\/index.php?rest_route=\/wp\/v2\/posts\/2416\/revisions\/2418"}],"wp:featuredmedia":[{"embeddable":true,"href":"https:\/\/diarioparanaense.com\/index.php?rest_route=\/wp\/v2\/media\/2417"}],"wp:attachment":[{"href":"https:\/\/diarioparanaense.com\/index.php?rest_route=%2Fwp%2Fv2%2Fmedia&parent=2416"}],"wp:term":[{"taxonomy":"category","embeddable":true,"href":"https:\/\/diarioparanaense.com\/index.php?rest_route=%2Fwp%2Fv2%2Fcategories&post=2416"},{"taxonomy":"post_tag","embeddable":true,"href":"https:\/\/diarioparanaense.com\/index.php?rest_route=%2Fwp%2Fv2%2Ftags&post=2416"}],"curies":[{"name":"wp","href":"https:\/\/api.w.org\/{rel}","templated":true}]}}