{"id":2410,"date":"2024-04-09T15:55:01","date_gmt":"2024-04-09T18:55:01","guid":{"rendered":"https:\/\/diarioparanaense.com\/?p=2410"},"modified":"2024-04-09T15:55:01","modified_gmt":"2024-04-09T18:55:01","slug":"feira-vegana-da-terra-retorna-com-tudo-e-em-novo-local","status":"publish","type":"post","link":"https:\/\/diarioparanaense.com\/?p=2410","title":{"rendered":"Feira Vegana da Terra Retorna com Tudo e em Novo Local"},"content":{"rendered":"\n<p class=\"has-medium-font-size\"><em>A encantadora Alameda Curitiba, o mais novo ponto de gastronomia e servi\u00e7os na cidade, recebe a 10\u00aa edi\u00e7\u00e3o de sabor e consci\u00eancia deste reencontro vegano que destaca empreendedores locais<\/em><\/p>\n\n\n\n<p><em>Por Emanuelle Spack<\/em><\/p>\n\n\n\n<p>A tradicional <a href=\"https:\/\/www.instagram.com\/daterra.feiraveg\/\">Feira Vegana Da Terra<\/a> est\u00e1 de volta em sua 10\u00aa edi\u00e7\u00e3o, marcando o ponto de partida para um ano repleto de novidades e oportunidades com uma atmosfera renovada. No dia 13 de abril, das 11h:00 \u00e0s 19h:00, o segundo andar da encantadora <a href=\"https:\/\/www.instagram.com\/alamedacuritiba\/\">Alameda Curitiba<\/a> ser\u00e1 transformado em um para\u00edso vegano. Com a crescente conscientiza\u00e7\u00e3o sobre a import\u00e2ncia da alimenta\u00e7\u00e3o vegana, essa feira se tornou um ponto de encontro essencial para a comunidade vegana em Curitiba, bem como para todos os curiosos e interessados em explorar alternativas mais saud\u00e1veis e sustent\u00e1veis.<\/p>\n\n\n<div class=\"wp-block-image\">\n<figure class=\"aligncenter size-full\"><img loading=\"lazy\" decoding=\"async\" width=\"800\" height=\"1000\" src=\"https:\/\/diarioparanaense.com\/wp-content\/uploads\/2024\/04\/fv2.jpg\" alt=\"\" class=\"wp-image-2414\" srcset=\"https:\/\/diarioparanaense.com\/wp-content\/uploads\/2024\/04\/fv2.jpg 800w, https:\/\/diarioparanaense.com\/wp-content\/uploads\/2024\/04\/fv2-240x300.jpg 240w, https:\/\/diarioparanaense.com\/wp-content\/uploads\/2024\/04\/fv2-768x960.jpg 768w, https:\/\/diarioparanaense.com\/wp-content\/uploads\/2024\/04\/fv2-696x870.jpg 696w, https:\/\/diarioparanaense.com\/wp-content\/uploads\/2024\/04\/fv2-336x420.jpg 336w\" sizes=\"auto, (max-width: 800px) 100vw, 800px\" \/><\/figure><\/div>\n\n\n<p>Para a empreendedora Gabriela Feola, a primeira edi\u00e7\u00e3o deste ano traz consigo uma nova roupagem, pois <em>\u201ca feira \u00e9 reconhecida como um destino imperd\u00edvel para a comunidade vegana local e este ano os participantes ter\u00e3o a oportunidade de se deliciar com uma variedade ainda maior de produtos veganos, desde alimentos frescos e org\u00e2nicos, decora\u00e7\u00e3o para casa, at\u00e9 roupas e produtos de higiene cruelty-free\u201d<\/em>. Falando sobre a import\u00e2ncia deste evento, ela compartilha suas palavras:<em> \u201co objetivo \u00e9 promover marcas de empreendedores locais de pequeno porte e aumentar a conscientiza\u00e7\u00e3o sobre o veganismo por meio de 20 expositores que apresentar\u00e3o seus produtos, todos seguindo os princ\u00edpios veganos.\u201d<\/em><\/p>\n\n\n\n<p>Destacando a import\u00e2ncia de conectar pessoas que atuam diretamente com a produ\u00e7\u00e3o vegana e impulsionar esse com\u00e9rcio, esta edi\u00e7\u00e3o \u00e9 uma oportunidade excepcional para celebrar a diversidade e promover um estilo de vida que respeite os animais e o meio ambiente. <em>\u201cConvidamos todos a se juntarem a n\u00f3s neste s\u00e1bado para um dia cheio de amor, compaix\u00e3o e deliciosas descobertas veganas. Venham explorar, experimentar e abra\u00e7ar um estilo de vida em uma jornada que vai al\u00e9m do comum, proporcionando a chance de se envolverem ainda mais com esse universo\u201d,<\/em> finaliza Gabriela.<\/p>\n\n\n\n<p>\u00cdsis Benites, uma das vision\u00e1rias por tr\u00e1s do Alameda Curitiba, n\u00e3o hesita em dar as boas-vindas \u00e0 Feira Vegana Da Terra em seu espa\u00e7o, ressaltando seu compromisso com a sustentabilidade e a energia positiva que eventos desse calibre proporcionam. Para ela, o Alameda n\u00e3o \u00e9 apenas um local, mas sim um <em>hub <\/em>de energia em constante movimento. <em>\u201cEste \u00e9 o momento ideal para que as pessoas n\u00e3o familiarizadas com produtos e informa\u00e7\u00f5es do universo vegano possam ampliar seus horizontes e, quem sabe, adotar novos h\u00e1bitos conscientes. \u00c9 mais do que uma feira, \u00e9 uma oportunidade de transforma\u00e7\u00e3o e crescimento pessoal<\/em>\u201d, nas palavras de \u00cdsis.<\/p>\n\n\n\n<p><strong>Sobre Da Terra Feira Vegana:<\/strong><\/p>\n\n\n\n<p>A Da Terra Feira Vegana \u00e9 um evento mensal dedicado \u00e0 promo\u00e7\u00e3o da alimenta\u00e7\u00e3o vegana, do consumo \u00e9tico e do estilo de vida sustent\u00e1vel. Organizada pelas empreendedoras Gabriela Feola e Kerolen Martins, a feira re\u00fane uma ampla variedade de expositores e entusiastas do veganismo para celebrar a vida livre de crueldade e inspirar mudan\u00e7as positivas na sociedade. Este ano a feira acontece em novo local, na Alameda Curitiba.<\/p>\n\n\n\n<p><strong><u>Servi\u00e7o:<\/u><\/strong><\/p>\n\n\n\n<p><strong>10\u00aa Edi\u00e7\u00e3o &#8211; Da Terra Feira Vegana&nbsp;<\/strong><\/p>\n\n\n\n<p>\ud83c\udfd8\ufe0f Local:&nbsp;Alameda Curitiba&nbsp;<\/p>\n\n\n\n<p>\ud83e\udded<strong> <\/strong><strong>Endere\u00e7o:<\/strong>&nbsp;Rua Marechal Deodoro, 686 \u2013 2\u00ba andar \u2013 Centro \u2013 Curitiba.<\/p>\n\n\n\n<p>\ud83c\udfab <strong>Entrada:<\/strong>&nbsp;Franca<\/p>\n\n\n\n<p>\ud83d\udcc5<strong> <\/strong><strong>Data:<\/strong>&nbsp;13 de abril \u2013 S\u00e1bado.<\/p>\n\n\n\n<p>\ud83d\udd5b <strong>Hor\u00e1rio:<\/strong> das 11h:00 \u00e0s 19h:00<\/p>\n\n\n\n<p>\ud83d\udc36<strong> <em>Pet friendly<\/em><\/strong><\/p>\n\n\n\n<p><strong>Rede sociais:<\/strong><\/p>\n\n\n\n<p><a href=\"https:\/\/www.instagram.com\/daterra.feiraveg\/\"><strong>Instagram<\/strong><\/a><strong>&nbsp;<\/strong><\/p>\n\n\n\n<p><a href=\"https:\/\/www.facebook.com\/profile.php?id=100089787760833&amp;mibextid=ZbWKwL\"><strong>Facebook<\/strong><\/a><strong><\/strong><\/p>\n","protected":false},"excerpt":{"rendered":"<p>A encantadora Alameda Curitiba, o mais novo ponto de gastronomia e servi\u00e7os na cidade, recebe a 10\u00aa edi\u00e7\u00e3o de sabor e consci\u00eancia deste reencontro vegano que destaca empreendedores locais Por Emanuelle Spack A tradicional Feira Vegana Da Terra est\u00e1 de volta em sua 10\u00aa edi\u00e7\u00e3o, marcando o ponto de partida para um ano repleto de [&hellip;]<\/p>\n","protected":false},"author":1,"featured_media":2413,"comment_status":"open","ping_status":"open","sticky":false,"template":"","format":"standard","meta":{"footnotes":""},"categories":[424],"tags":[],"class_list":["post-2410","post","type-post","status-publish","format-standard","has-post-thumbnail","hentry","category-curitiba"],"_links":{"self":[{"href":"https:\/\/diarioparanaense.com\/index.php?rest_route=\/wp\/v2\/posts\/2410","targetHints":{"allow":["GET"]}}],"collection":[{"href":"https:\/\/diarioparanaense.com\/index.php?rest_route=\/wp\/v2\/posts"}],"about":[{"href":"https:\/\/diarioparanaense.com\/index.php?rest_route=\/wp\/v2\/types\/post"}],"author":[{"embeddable":true,"href":"https:\/\/diarioparanaense.com\/index.php?rest_route=\/wp\/v2\/users\/1"}],"replies":[{"embeddable":true,"href":"https:\/\/diarioparanaense.com\/index.php?rest_route=%2Fwp%2Fv2%2Fcomments&post=2410"}],"version-history":[{"count":1,"href":"https:\/\/diarioparanaense.com\/index.php?rest_route=\/wp\/v2\/posts\/2410\/revisions"}],"predecessor-version":[{"id":2415,"href":"https:\/\/diarioparanaense.com\/index.php?rest_route=\/wp\/v2\/posts\/2410\/revisions\/2415"}],"wp:featuredmedia":[{"embeddable":true,"href":"https:\/\/diarioparanaense.com\/index.php?rest_route=\/wp\/v2\/media\/2413"}],"wp:attachment":[{"href":"https:\/\/diarioparanaense.com\/index.php?rest_route=%2Fwp%2Fv2%2Fmedia&parent=2410"}],"wp:term":[{"taxonomy":"category","embeddable":true,"href":"https:\/\/diarioparanaense.com\/index.php?rest_route=%2Fwp%2Fv2%2Fcategories&post=2410"},{"taxonomy":"post_tag","embeddable":true,"href":"https:\/\/diarioparanaense.com\/index.php?rest_route=%2Fwp%2Fv2%2Ftags&post=2410"}],"curies":[{"name":"wp","href":"https:\/\/api.w.org\/{rel}","templated":true}]}}