{"id":2409,"date":"2024-04-09T15:53:20","date_gmt":"2024-04-09T18:53:20","guid":{"rendered":"https:\/\/diarioparanaense.com\/?p=2409"},"modified":"2024-04-09T15:53:20","modified_gmt":"2024-04-09T18:53:20","slug":"oficina-para-confeccao-de-bonecos-e-a-atracao-principal-da-feira-arte-viva-cwb","status":"publish","type":"post","link":"https:\/\/diarioparanaense.com\/?p=2409","title":{"rendered":"Oficina para Confec\u00e7\u00e3o de Bonecos \u00e9 a Atra\u00e7\u00e3o Principal da Feira Arte Viva CWB"},"content":{"rendered":"\n<p class=\"has-medium-font-size\"><em>Arte e autenticidade se unem para destacar a cultura afro-brasileira<\/em><\/p>\n\n\n\n<p><strong><em>Por Emanuelle Spack&nbsp;<\/em><\/strong><\/p>\n\n\n\n<p>No pr\u00f3ximo s\u00e1bado, a galeria A Travessa ser\u00e1 palco de um evento imperd\u00edvel para os amantes da arte autoral e da produ\u00e7\u00e3o local. A <a href=\"https:\/\/www.instagram.com\/arte.vivacwb\" target=\"_blank\" rel=\"noreferrer noopener\">Feira Arte Viva CWB<\/a> promete encantar os visitantes com uma sele\u00e7\u00e3o cuidadosa de produtos \u00fanicos e genu\u00ednos, trazidos \u00e0 vida pelas m\u00e3os talentosas de artes\u00e3os locais. A novidade fica por conta do stand da Nine Brinquedos Teatrais que traz para essa edi\u00e7\u00e3o uma oficina de confec\u00e7\u00e3o de bonecos <strong><em>Abayomi<\/em><\/strong> (cultura afro-brasileira) e <strong><em>Barangand\u00e3o<\/em><\/strong>.<\/p>\n\n\n\n<p>Esta n\u00e3o \u00e9 apenas uma feira comum. \u00c9 um espa\u00e7o dedicado \u00e0 celebra\u00e7\u00e3o da autenticidade, onde cada pe\u00e7a conta uma hist\u00f3ria e carrega consigo o suor e a paix\u00e3o de seu criador. Desta vez as crian\u00e7as podem participar tamb\u00e9m, pois <em>\u201ca Nine Brinquedos Teatrais convida as crian\u00e7as para confeccionarem seu pr\u00f3prio brinquedo artesanalmente. Faremos um Barangand\u00e3o arco-\u00edris utilizando jornal, fita crepe, fitas coloridas e barbante. O mais gostoso \u00e9 que al\u00e9m de colorido, o brinquedo voa!\u201d<\/em> conta o palha\u00e7o e contador de hist\u00f3rias Luiz Reikdal, um dos s\u00f3cios da Nine Brinquedos Teatrais, que estar\u00e1 no evento a partir das 14 horas.<\/p>\n\n\n\n<p>Para a outra s\u00f3cia, a atriz bonequeira e arte-educadora Aline Busatto, levar para a feira uma oficina de confec\u00e7\u00e3o de bonecos <strong><em>Abayomi<\/em><\/strong> \u00e9 uma oportunidade de ensinar na pr\u00e1tica as diferentes culturas que existem. <em>\u201cAs crian\u00e7as ir\u00e3o criar seu pr\u00f3prio boneco utilizando apenas retalhos de tecido e far\u00e3o n\u00f3s para definir o corpo e a vestimenta dos personagens. Abayomi \u00e9 uma palavra Yorub\u00e1 e os participantes poder\u00e3o conhecer um pouquinho da cultura afro-brasileira a partir deste brinquedo criado pela artes\u00e3 Lena Martins\u201d,<\/em> explica Aline.<\/p>\n\n\n\n<p>O evento traz 42 expositores para os visitantes explorarem uma variedade de cria\u00e7\u00f5es \u00fanicas que refletem a diversidade e a criatividade dos artes\u00e3os de Curitiba que oferecem produtos coloniais, acess\u00f3rios em pedrarias, mandalas, costura criativa em tecido e feltro, amigurumis, saboaria &#8211; home spray, artes em croch\u00ea, entre tantos outros. Para Luciane de F\u00e1tima Gelinski Feola, idealizadora do projeto e empreendedora vision\u00e1ria, a Feira Arte Viva CWB \u00e9 mais do que um evento &#8211; \u00e9 uma plataforma para dar voz e visibilidade aos talentos locais. <em>\u201cNossa cidade \u00e9 rica em criatividade e habilidades artesanais, mas muitos artistas independentes enfrentam desafios para encontrar um espa\u00e7o onde possam mostrar seus trabalhos ao p\u00fablico. Com a Feira Arte Viva CWB, queremos proporcionar a esses artistas uma oportunidade de brilharem e conectarem suas cria\u00e7\u00f5es com um p\u00fablico apaixonado\u201d<\/em>, finaliza Luciane.<\/p>\n\n\n\n<p>A Feira Arte Viva CWB acontecer\u00e1 no pr\u00f3ximo s\u00e1bado, dia 13 de abril, das 10h \u00e0s 18h, na Galeria A Travessa, e promete ser um evento imperd\u00edvel para todos que valorizam a originalidade e a arte feita \u00e0 m\u00e3o. J\u00e1 as oficinas de brinquedos ser\u00e3o no per\u00edodo da tarde: das 14h:00 \u00e0s 14h:30 &#8211; Barangand\u00e3o arco-\u00edris; e das 14h:30 \u00e0s 15h:00 &#8211; Boneco Abayomi. S\u00e3o gratuitas e n\u00e3o precisa fazer inscri\u00e7\u00e3o, \u00e9 s\u00f3 chegar no hor\u00e1rio indicado para cada oficina.<\/p>\n\n\n\n<p><strong>Sobre a Feira Arte Viva CWB:<\/strong><\/p>\n\n\n\n<p>A Feira Arte Viva CWB \u00e9 um evento dedicado \u00e0 promo\u00e7\u00e3o da arte autoral e \u00e0 produ\u00e7\u00e3o local em Curitiba. Criada com o objetivo de dar visibilidade aos talentos da regi\u00e3o e proporcionar uma experi\u00eancia \u00fanica aos visitantes, a feira \u00e9 um espa\u00e7o de celebra\u00e7\u00e3o da autenticidade, onde os artes\u00e3os podem mostrar seus trabalhos e conectar-se diretamente com o p\u00fablico.<\/p>\n\n\n\n<p><strong>Servi\u00e7o<\/strong>&nbsp;<\/p>\n\n\n\n<p>\ud83c\udf89 <strong>Feira Arte Viva CWB<\/strong><\/p>\n\n\n\n<p>\ud83c\udfd8\ufe0f <strong>Local:<\/strong>&nbsp;Galeria A Travessa<\/p>\n\n\n\n<p>\ud83e\udded <strong>Endere\u00e7o:<\/strong>&nbsp;Rua S\u00e3o Francisco, 232 e Rua Treze de Maio, 439 \u2013 Centro \u2013 Curitiba.<\/p>\n\n\n\n<p>\ud83c\udfab <strong>Entrada:<\/strong>&nbsp;Franca<\/p>\n\n\n\n<p>\ud83d\udcc5 <strong>Data:<\/strong>&nbsp;13 de abril &#8211; s\u00e1bado<\/p>\n\n\n\n<p>\ud83d\udd5b <strong>Hor\u00e1rio:&nbsp;<\/strong>das 10h:00 \u00e0s 18h:00<\/p>\n\n\n\n<p>\ud83d\udc36&nbsp;<strong>Pet friendly<\/strong><\/p>\n\n\n\n<p>\ud83e\uddf8 <strong>Oficinas de brinquedos:<\/strong><\/p>\n\n\n\n<p><strong>Barangand\u00e3o arco-\u00edris<\/strong><\/p>\n\n\n\n<p>\ud83d\udd5b Das 14h:00 \u00e0s 14h:30<\/p>\n\n\n\n<p><strong>Boneco Abayomi<\/strong><\/p>\n\n\n\n<p>\ud83d\udd5b Das 14h:30 \u00e0s 15h:00<\/p>\n\n\n\n<p>\ud83c\udfab <strong>Entrada:<\/strong>&nbsp;Gratuita.<\/p>\n","protected":false},"excerpt":{"rendered":"<p>Arte e autenticidade se unem para destacar a cultura afro-brasileira Por Emanuelle Spack&nbsp; No pr\u00f3ximo s\u00e1bado, a galeria A Travessa ser\u00e1 palco de um evento imperd\u00edvel para os amantes da arte autoral e da produ\u00e7\u00e3o local. A Feira Arte Viva CWB promete encantar os visitantes com uma sele\u00e7\u00e3o cuidadosa de produtos \u00fanicos e genu\u00ednos, trazidos [&hellip;]<\/p>\n","protected":false},"author":1,"featured_media":2411,"comment_status":"open","ping_status":"open","sticky":false,"template":"","format":"standard","meta":{"footnotes":""},"categories":[424],"tags":[],"class_list":["post-2409","post","type-post","status-publish","format-standard","has-post-thumbnail","hentry","category-curitiba"],"_links":{"self":[{"href":"https:\/\/diarioparanaense.com\/index.php?rest_route=\/wp\/v2\/posts\/2409","targetHints":{"allow":["GET"]}}],"collection":[{"href":"https:\/\/diarioparanaense.com\/index.php?rest_route=\/wp\/v2\/posts"}],"about":[{"href":"https:\/\/diarioparanaense.com\/index.php?rest_route=\/wp\/v2\/types\/post"}],"author":[{"embeddable":true,"href":"https:\/\/diarioparanaense.com\/index.php?rest_route=\/wp\/v2\/users\/1"}],"replies":[{"embeddable":true,"href":"https:\/\/diarioparanaense.com\/index.php?rest_route=%2Fwp%2Fv2%2Fcomments&post=2409"}],"version-history":[{"count":1,"href":"https:\/\/diarioparanaense.com\/index.php?rest_route=\/wp\/v2\/posts\/2409\/revisions"}],"predecessor-version":[{"id":2412,"href":"https:\/\/diarioparanaense.com\/index.php?rest_route=\/wp\/v2\/posts\/2409\/revisions\/2412"}],"wp:featuredmedia":[{"embeddable":true,"href":"https:\/\/diarioparanaense.com\/index.php?rest_route=\/wp\/v2\/media\/2411"}],"wp:attachment":[{"href":"https:\/\/diarioparanaense.com\/index.php?rest_route=%2Fwp%2Fv2%2Fmedia&parent=2409"}],"wp:term":[{"taxonomy":"category","embeddable":true,"href":"https:\/\/diarioparanaense.com\/index.php?rest_route=%2Fwp%2Fv2%2Fcategories&post=2409"},{"taxonomy":"post_tag","embeddable":true,"href":"https:\/\/diarioparanaense.com\/index.php?rest_route=%2Fwp%2Fv2%2Ftags&post=2409"}],"curies":[{"name":"wp","href":"https:\/\/api.w.org\/{rel}","templated":true}]}}