{"id":2405,"date":"2024-04-03T15:12:31","date_gmt":"2024-04-03T18:12:31","guid":{"rendered":"https:\/\/diarioparanaense.com\/?p=2405"},"modified":"2024-04-03T15:12:31","modified_gmt":"2024-04-03T18:12:31","slug":"curitiba-recebe-treinao-de-corrida-global-beneficente-no-final-de-semana-do-dia-mundial-da-saude","status":"publish","type":"post","link":"https:\/\/diarioparanaense.com\/?p=2405","title":{"rendered":"Curitiba recebe trein\u00e3o de corrida global beneficente no final de semana do Dia Mundial da Sa\u00fade"},"content":{"rendered":"\n<p class=\"has-medium-font-size\">Curitibano Angelo Binder re\u00fane corredores para conhecerem a Wings for Life World Run, prova que reverte o valor das inscri\u00e7\u00f5es em prol da cura da les\u00e3o na medula espinhal<\/p>\n\n\n\n<p>Em prol do Dia Mundial da Sa\u00fade, celebrado no pr\u00f3ximo domingo, Curitiba recebe um trein\u00e3o aberto da Wings for Life World Run, corrida de rua global que reverte todo o valor das inscri\u00e7\u00f5es \u00e0s pesquisas que visam \u00e0 cura da les\u00e3o na medula espinhal. Organizada pelo criador de conte\u00fado e corredor Angelo Binder, essa a\u00e7\u00e3o beneficente acontecer\u00e1 neste s\u00e1bado (6), a partir das 7h (hor\u00e1rio de Bras\u00edlia), no Parque Barigui, a pouco menos de um m\u00eas para a largada oficial da prova, cujas inscri\u00e7\u00f5es para a app run (via aplicativo) est\u00e3o abertas pelo link https:\/\/www.wingsforlifeworldrun.com\/pt-br\/locations\/app .<\/p>\n\n\n\n<p>\u201c\u00c9 uma corrida diferentona mesmo! Uma prova sem linha de chegada definida gera expectativa e experi\u00eancia novas para todos os n\u00edveis de corredores e corredoras. Al\u00e9m de voc\u00ea poder correr na cidade onde voc\u00ea estiver e saber que muitas outras pessoas est\u00e3o fazendo o mesmo que voc\u00ea naquele momento. \u00c9 incr\u00edvel\u201d, descreve o jornalista<\/p>\n\n\n\n<p>Participante da Wings for Life World Run, o curitibano Angelo Binder tem uma forte conex\u00e3o com a causa. H\u00e1 dois anos, seu pai perdeu os movimentos das pernas por conta de uma les\u00e3o na medula espinhal e encontrou bastante dificuldade tanto em rela\u00e7\u00e3o ao diagn\u00f3stico quanto de um tratamento adequado.<\/p>\n\n\n\n<p>\u201cParticipei pela primeira vez na Wings For Life em 2014, em Florian\u00f3polis. L\u00e1 conheci muitas hist\u00f3rias de supera\u00e7\u00e3o e tamb\u00e9m procurei conhecer mais sobre as pesquisas da cura de les\u00f5es da medula espinhal. Hoje, por causa da luta do meu pai, consigo motiv\u00e1-lo e procuro sempre estar envolvido a respeito de novos tratamentos e de como o esporte \u00e9 fundamental para a recupa\u00e7\u00e3o\u201d, completa.<\/p>\n\n\n\n<p class=\"has-medium-font-size\">Como funciona a corrida?<\/p>\n\n\n\n<p>A 11\u00aa edi\u00e7\u00e3o da Wings For Life World Run acontecer\u00e1 no dia 05 de maio de 2024 e ir\u00e1 conectar milhares de pessoas de todos os lugares do mundo. No Brasil, corredores poder\u00e3o participar de qualquer local, a partir das 8h da manh\u00e3 (hor\u00e1rio de Bras\u00edlia), por meio do aplicativo oficial. A linha de chegada virtual, representada pelo Catcher-Car, acelera ap\u00f3s 30 minutos, e o \u00faltimo no mundo a ser ultrapassado pelo ve\u00edculo \u00e9 o grande vencedor. Quem tamb\u00e9m participar\u00e1 da experi\u00eancia virtual \u00e9 o piloto Lucas Moraes, primeiro brasileiro a vencer uma etapa do Rally Dakar na categoria carros, que dar\u00e1 voz \u00e0s informa\u00e7\u00f5es do carror perseguidor virtual neste ano.<\/p>\n\n\n\n<p>Em 2024, o p\u00fablico ainda pode integrar o time de \u00edcones do esporte, como o do ciclista Henrique Avancini, do surfista Adriano de Souza, da ultramaratonista Fernanda Maciel, dos pilotos Felipe Fraga e Lucas Moraes e do \u00edcone do v\u00f4lei de praia Alison Cerutti. Alguns deles escolheram premia\u00e7\u00f5es especiais para tornar a experi\u00eancia ainda mais competitiva. Por exemplo, quem entrar no time do Mineirinho poder\u00e1 ganhar a lycra usada pelo atleta durante uma competi\u00e7\u00e3o oficial. No time do Mamute, a corrida estar\u00e1 valendo uma bola de v\u00f4lei autografada por ele. E, por fim, quem obtiver a maior pontua\u00e7\u00e3o dentro do time de Felipe Fraga ir\u00e1 levar uma luva autografada pelo piloto e um par de ingressos para assistir uma etapa da Stock Car diretamente dos boxes da equipe dele. Para conhecer outros grupos, basta acessar o link https:\/\/www.wingsforlifeworldrun.com\/pt-br\/teams .<\/p>\n\n\n\n<p>Os jogadores do RB Leipzig e do Red Bull Bragantino tamb\u00e9m est\u00e3o confirmados. Ali\u00e1s, Bragan\u00e7a Paulista sediar\u00e1 um evento in\u00e9dito em que os corredores poder\u00e3o participar de uma corrida especial via aplicativo ao redor do Lago do Tabo\u00e3o. Por fim, as marcas Adidas, Allwyn e Philips Sports Headphones estar\u00e3o apoiando a causa.<\/p>\n\n\n\n<p><strong>Servi\u00e7o &#8211; Wings for Life World Run 2024:<br>Data da corrida<\/strong>: 05 de maio de 2024<br><strong>Link para inscri\u00e7\u00f5es<\/strong>: <a href=\"https:\/\/www.wingsforlifeworldrun.com\/pt-br\">https:\/\/www.wingsforlifeworldrun.com\/pt-br<\/a><br><strong>Valor da inscri\u00e7\u00e3o<\/strong>: R$ 79,00<\/p>\n\n\n\n<p class=\"has-medium-font-size\">SOBRE A WINGS FOR LIFE WORLD RUN<\/p>\n\n\n\n<p>Desde 2014, a Wings For Life World Run j\u00e1 passou por 195 pa\u00edses diferentes e reuniu 1.293.716 participantes, que percorreram 11.839.989 km. A prova j\u00e1 arrecadou mais de 43 milh\u00f5es de euros. Em solo brasileiro, a corrida marcou presen\u00e7a em cidades como Florian\u00f3polis (SC), Bras\u00edlia (DF) e Rio de Janeiro (RJ) e reuniu grandes nomes do cen\u00e1rio esportivo, como os big riders Carlos Burle e Pedro Scooby, o pentacampe\u00e3o da Stock Car Cac\u00e1 Bueno, o campe\u00e3o mundial de skate Sandro Dias, o campe\u00e3o ol\u00edmpico Alison Cerutti. Cac\u00e1 e Scooby, inclusive, ficaram respons\u00e1veis por pilotar o Catcher Car nos anos 2017 e 2018, respectivamente. Pelo mundo, o piloto Max Verstappen \u00e9 um dos principais&nbsp;incentivadores.<\/p>\n","protected":false},"excerpt":{"rendered":"<p>Curitibano Angelo Binder re\u00fane corredores para conhecerem a Wings for Life World Run, prova que reverte o valor das inscri\u00e7\u00f5es em prol da cura da les\u00e3o na medula espinhal Em prol do Dia Mundial da Sa\u00fade, celebrado no pr\u00f3ximo domingo, Curitiba recebe um trein\u00e3o aberto da Wings for Life World Run, corrida de rua global [&hellip;]<\/p>\n","protected":false},"author":1,"featured_media":2406,"comment_status":"open","ping_status":"open","sticky":false,"template":"","format":"standard","meta":{"footnotes":""},"categories":[424,159,186],"tags":[],"class_list":["post-2405","post","type-post","status-publish","format-standard","has-post-thumbnail","hentry","category-curitiba","category-esportes","category-eventos"],"_links":{"self":[{"href":"https:\/\/diarioparanaense.com\/index.php?rest_route=\/wp\/v2\/posts\/2405","targetHints":{"allow":["GET"]}}],"collection":[{"href":"https:\/\/diarioparanaense.com\/index.php?rest_route=\/wp\/v2\/posts"}],"about":[{"href":"https:\/\/diarioparanaense.com\/index.php?rest_route=\/wp\/v2\/types\/post"}],"author":[{"embeddable":true,"href":"https:\/\/diarioparanaense.com\/index.php?rest_route=\/wp\/v2\/users\/1"}],"replies":[{"embeddable":true,"href":"https:\/\/diarioparanaense.com\/index.php?rest_route=%2Fwp%2Fv2%2Fcomments&post=2405"}],"version-history":[{"count":1,"href":"https:\/\/diarioparanaense.com\/index.php?rest_route=\/wp\/v2\/posts\/2405\/revisions"}],"predecessor-version":[{"id":2407,"href":"https:\/\/diarioparanaense.com\/index.php?rest_route=\/wp\/v2\/posts\/2405\/revisions\/2407"}],"wp:featuredmedia":[{"embeddable":true,"href":"https:\/\/diarioparanaense.com\/index.php?rest_route=\/wp\/v2\/media\/2406"}],"wp:attachment":[{"href":"https:\/\/diarioparanaense.com\/index.php?rest_route=%2Fwp%2Fv2%2Fmedia&parent=2405"}],"wp:term":[{"taxonomy":"category","embeddable":true,"href":"https:\/\/diarioparanaense.com\/index.php?rest_route=%2Fwp%2Fv2%2Fcategories&post=2405"},{"taxonomy":"post_tag","embeddable":true,"href":"https:\/\/diarioparanaense.com\/index.php?rest_route=%2Fwp%2Fv2%2Ftags&post=2405"}],"curies":[{"name":"wp","href":"https:\/\/api.w.org\/{rel}","templated":true}]}}