{"id":2402,"date":"2024-04-02T16:06:10","date_gmt":"2024-04-02T19:06:10","guid":{"rendered":"https:\/\/diarioparanaense.com\/?p=2402"},"modified":"2024-04-02T16:06:10","modified_gmt":"2024-04-02T19:06:10","slug":"consciencia-do-reuso-se-destaca-na-temporada-outono-e-inverno-de-encontro-de-brechos-neste-fim-de-semana-em-curitiba","status":"publish","type":"post","link":"https:\/\/diarioparanaense.com\/?p=2402","title":{"rendered":"Consci\u00eancia do Reuso se Destaca na Temporada Outono e Inverno de Encontro de Brech\u00f3s neste Fim de Semana em Curitiba"},"content":{"rendered":"\n<p><em>Sa\u00ed do Arm\u00e1rio na Galeria A Travessa: Um Encontro Exclusivo para Transformar o Conceito de Consumo<\/em><\/p>\n\n\n\n<p><strong><em>Por Emanuelle Spack<\/em><\/strong><\/p>\n\n\n\n<p>Nos dias 06 e 07 de abril, o&nbsp;<a href=\"https:\/\/www.instagram.com\/saidoarmariocwb\/\" target=\"_blank\" rel=\"noreferrer noopener\">Sa\u00ed do Arm\u00e1rio<\/a>&nbsp;retorna para a Galeria&nbsp;<em>A Travessa<\/em>&nbsp;para mais um imperd\u00edvel encontro de brech\u00f3s para os amantes da moda consciente e do reuso. Com a proposta de promover a economia circular e destacar a import\u00e2ncia da sustentabilidade na ind\u00fastria t\u00eaxtil, 35 diferentes brech\u00f3s locais se unem a cada dia para apresentar suas cole\u00e7\u00f5es exclusivas em um evento j\u00e1 conceituado que visa transformar o conceito de consumo.<\/p>\n\n\n\n<p>A dedicada empreendedora e uma das organizadoras do evento, Kerolen Martins, revela que diversidade \u00e9 a palavra-chave deste encontro, com uma ampla gama de estilos, tamanhos e faixas de pre\u00e7o para todos os gostos e bolsos.&nbsp;<em>\u201cCom uma oferta de mais de 10 mil itens em exposi\u00e7\u00e3o, o encontro trar\u00e1 uma experi\u00eancia in\u00e9dita para os visitantes que ter\u00e3o a oportunidade de explorar um verdadeiro tesouro de moda e acess\u00f3rios nesta troca de esta\u00e7\u00e3o, pois teremos o lan\u00e7amento da cole\u00e7\u00e3o outono\/inverno.\u201d<\/em><\/p>\n\n\n\n<p>Os participantes estar\u00e3o envolvidos por uma atmosfera que vai al\u00e9m de simples compras, pois cada pe\u00e7a conta uma hist\u00f3ria, carrega consigo a ess\u00eancia do reuso e da exclusividade. Outra organizadora destaca a import\u00e2ncia do evento no contexto atual: \u201cQuando se fala em reutilizar roupas, nada mais simb\u00f3lico do que reunir brech\u00f3s para promovermos o consumo consciente e a valoriza\u00e7\u00e3o do que j\u00e1 est\u00e1 dispon\u00edvel no mercado. \u00c9 uma oportunidade n\u00e3o apenas de adquirir pe\u00e7as \u00fanicas, mas tamb\u00e9m de fazer parte de um movimento que busca impactar positivamente o meio ambiente\u201d, revela Gabriela Feola&nbsp;indicando que nesta edi\u00e7\u00e3o, quem entrar na Galeria&nbsp;<em>A Travessa<\/em>&nbsp;pela rua S\u00e3o Francisco, vai se encantar com um universo art\u00edstico local, j\u00e1 que artistas independentes de Curitiba foram convidados para exibirem seus trabalhos no evento.<em>&nbsp;\u201cAo incluirmos artistas locais para exporem no Sa\u00ed do Arm\u00e1rio, promovemos a uni\u00e3o e a diversidade de itens, al\u00e9m de oferecer um espa\u00e7o novo para os artistas mostrarem seus trabalhos.\u201d<\/em><\/p>\n\n\n\n<p>A cada dia, os expositores por tr\u00e1s deste evento revelar\u00e3o suas cole\u00e7\u00f5es repletas de originalidade, contendo entre 150 e 300 itens exclusivos. Cada pe\u00e7a \u00e9 muito mais do que simplesmente uma adi\u00e7\u00e3o ao guarda-roupa: \u00e9 um testemunho de compromisso com um amanh\u00e3 mais verde e \u00e9tico. Nesta edi\u00e7\u00e3o come\u00e7a a temporada de roupas para os dias mais frios do ano com pe\u00e7as que variam entre l\u00e3, pele sint\u00e9tica, casaco e sobretudo a pre\u00e7os acess\u00edveis para se manter aquecido gastando pouco e fazendo a moda circular.<\/p>\n\n\n\n<p><strong>Servi\u00e7o:<\/strong><\/p>\n\n\n\n<p>\ud83c\udf89<strong>31<\/strong><strong>\u00b0 Encontro de Brech\u00f3s Sa\u00ed do Arm\u00e1rio&nbsp;<\/strong><strong><\/strong><\/p>\n\n\n\n<p>\ud83c\udfd8\ufe0f<strong>Local:<\/strong>&nbsp;Galeria A Travessa<\/p>\n\n\n\n<p>\ud83e\udded<strong>Endere\u00e7o:<\/strong>&nbsp;Rua S\u00e3o Francisco, 232 e Rua Treze de Maio, 439 \u2013 Centro \u2013 Curitiba.&nbsp;<\/p>\n\n\n\n<p>\ud83c\udfab<strong>Entrada:&nbsp;<\/strong>Franca<\/p>\n\n\n\n<p>\ud83d\udcc5<strong>Datas: <\/strong>06 e 07 de abril \u2013 S\u00e1bado e Domingo<\/p>\n\n\n\n<p>\ud83d\udd5b<strong>Hor\u00e1rio:<\/strong> das 10h:00 \u00e0s 18h:00<\/p>\n\n\n\n<p>\ud83d\udc36<strong>Pet friendly<\/strong><\/p>\n\n\n\n<p><strong>Rede sociais:<\/strong><\/p>\n\n\n\n<p><a href=\"https:\/\/www.instagram.com\/saidoarmariocwb\/\" target=\"_blank\" rel=\"noreferrer noopener\"><strong>Instagram<\/strong><\/a><strong>&nbsp;<\/strong><\/p>\n\n\n\n<p><a href=\"https:\/\/www.facebook.com\/saidoarmariocwb\/\" target=\"_blank\" rel=\"noreferrer noopener\"><strong>Facebook<\/strong><\/a>&nbsp;<\/p>\n","protected":false},"excerpt":{"rendered":"<p>Sa\u00ed do Arm\u00e1rio na Galeria A Travessa: Um Encontro Exclusivo para Transformar o Conceito de Consumo Por Emanuelle Spack Nos dias 06 e 07 de abril, o&nbsp;Sa\u00ed do Arm\u00e1rio&nbsp;retorna para a Galeria&nbsp;A Travessa&nbsp;para mais um imperd\u00edvel encontro de brech\u00f3s para os amantes da moda consciente e do reuso. Com a proposta de promover a economia [&hellip;]<\/p>\n","protected":false},"author":1,"featured_media":2403,"comment_status":"open","ping_status":"open","sticky":false,"template":"","format":"standard","meta":{"footnotes":""},"categories":[424],"tags":[],"class_list":["post-2402","post","type-post","status-publish","format-standard","has-post-thumbnail","hentry","category-curitiba"],"_links":{"self":[{"href":"https:\/\/diarioparanaense.com\/index.php?rest_route=\/wp\/v2\/posts\/2402","targetHints":{"allow":["GET"]}}],"collection":[{"href":"https:\/\/diarioparanaense.com\/index.php?rest_route=\/wp\/v2\/posts"}],"about":[{"href":"https:\/\/diarioparanaense.com\/index.php?rest_route=\/wp\/v2\/types\/post"}],"author":[{"embeddable":true,"href":"https:\/\/diarioparanaense.com\/index.php?rest_route=\/wp\/v2\/users\/1"}],"replies":[{"embeddable":true,"href":"https:\/\/diarioparanaense.com\/index.php?rest_route=%2Fwp%2Fv2%2Fcomments&post=2402"}],"version-history":[{"count":1,"href":"https:\/\/diarioparanaense.com\/index.php?rest_route=\/wp\/v2\/posts\/2402\/revisions"}],"predecessor-version":[{"id":2404,"href":"https:\/\/diarioparanaense.com\/index.php?rest_route=\/wp\/v2\/posts\/2402\/revisions\/2404"}],"wp:featuredmedia":[{"embeddable":true,"href":"https:\/\/diarioparanaense.com\/index.php?rest_route=\/wp\/v2\/media\/2403"}],"wp:attachment":[{"href":"https:\/\/diarioparanaense.com\/index.php?rest_route=%2Fwp%2Fv2%2Fmedia&parent=2402"}],"wp:term":[{"taxonomy":"category","embeddable":true,"href":"https:\/\/diarioparanaense.com\/index.php?rest_route=%2Fwp%2Fv2%2Fcategories&post=2402"},{"taxonomy":"post_tag","embeddable":true,"href":"https:\/\/diarioparanaense.com\/index.php?rest_route=%2Fwp%2Fv2%2Ftags&post=2402"}],"curies":[{"name":"wp","href":"https:\/\/api.w.org\/{rel}","templated":true}]}}