{"id":2399,"date":"2024-04-02T13:34:56","date_gmt":"2024-04-02T16:34:56","guid":{"rendered":"https:\/\/diarioparanaense.com\/?p=2399"},"modified":"2024-04-02T13:34:57","modified_gmt":"2024-04-02T16:34:57","slug":"enxoval-do-bebe-especialista-da-dicas-de-higienizacao-das-pecas","status":"publish","type":"post","link":"https:\/\/diarioparanaense.com\/?p=2399","title":{"rendered":"Enxoval do beb\u00ea: especialista d\u00e1 dicas de  higieniza\u00e7\u00e3o das pe\u00e7as"},"content":{"rendered":"\n<p class=\"has-medium-font-size\">Al\u00e9m das roupas, itens como cadeirinhas, carrinhos e beb\u00ea conforto exigem aten\u00e7\u00e3o redobrada na hora da limpeza<\/p>\n\n\n\n<p>A espera pela chegada de um beb\u00ea \u00e9 sempre cheia de expectativas e preparativos. Muitos pais, ao saberem o sexo da crian\u00e7a j\u00e1 come\u00e7am a pensar na decora\u00e7\u00e3o do quarto e iniciam tamb\u00e9m as buscas pelo enxoval perfeito. Entre tantas coisas a se pensar nesse momento, o guarda-roupas do novo membro da fam\u00edlia passa a receber pe\u00e7as delicadas e itens de primeira necessidade, que exigem cuidados espec\u00edficos.<\/p>\n\n\n\n<p>O recomendado \u00e9 sempre higienizar todas as pe\u00e7as antes da utiliza\u00e7\u00e3o. \u00c9 importante que tudo seja lavado algumas semanas antes do nascimento do beb\u00ea, para evitar o amarelamento das roupas e demais itens do enxoval. \u201cO risco \u00e9 sempre amarelar com muito tempo guardado no arm\u00e1rio incorretamente. Sempre lembrando que as roupas brancas, como a roupa de batizado, por exemplo, devem ser guardadas em papel de seda azul. Se for guardado por um curto per\u00edodo, n\u00e3o vai amarelar\u201d, afirma Birgit Marsili, propriet\u00e1ria da Lavoutique Lavanderia &amp; Costura.<\/p>\n\n\n\n<p>Um costume muito comum \u00e9 lavar os itens do enxoval com sab\u00e3o de coco, por\u00e9m, hoje \u00e9 poss\u00edvel encontrar diversos produtos espec\u00edficos. O ideal \u00e9 que sejam neutros, sem cheiros e, de prefer\u00eancia, antial\u00e9rgicos. A lavagem deve ser manual ou utilizando uma programa\u00e7\u00e3o mais delicada, dispon\u00edvel em algumas m\u00e1quinas de lavar.<\/p>\n\n\n\n<p>Cobertores, mantas, toucas e luvas s\u00e3o itens de uso bastante comum, principalmente no Sul e Sudeste do Brasil. Tais itens, se forem de croch\u00ea, tric\u00f4 ou malha devem ser tratados por profissionais, sempre que poss\u00edvel.<\/p>\n\n\n\n<p>Separar as pe\u00e7as tamb\u00e9m \u00e9 importante. Lavar as roupas claras separadas das escuras e, as pe\u00e7as que t\u00eam uma densidade um pouco maior de tecidos, separadas das que s\u00e3o mais leves, bem como nunca misturar com roupas de outras pessoas da fam\u00edlia. O tratamento exige que cada tecido ou fio tenha uma higieniza\u00e7\u00e3o e secagem adequada.<\/p>\n\n\n\n<p class=\"has-medium-font-size\">Introdu\u00e7\u00e3o alimentar: aten\u00e7\u00e3o<\/p>\n\n\n\n<p>Quando as crian\u00e7as come\u00e7am a introdu\u00e7\u00e3o alimentar a sujeira costuma ser grande. S\u00e3o muitas cores de alimentos e, algumas, com pigmenta\u00e7\u00e3o mais forte, al\u00e9m dos acidentes comuns que ocasionam outras manchas.<\/p>\n\n\n\n<p>\u201cAs manchas de alimentos normalmente s\u00e3o muito dif\u00edceis de remover. O ideal \u00e9 ter um processo profissional. Se n\u00e3o for poss\u00edvel, sempre tratar com algum produto neutro e \u00e1gua morna\u201d, detalha a especialista.<\/p>\n\n\n\n<p class=\"has-medium-font-size\">Acess\u00f3rios para beb\u00eas<\/p>\n\n\n\n<p>Al\u00e9m dos cuidados com os tecidos, os carrinhos de beb\u00ea, beb\u00ea conforto, ber\u00e7os cercados e as cadeirinhas para autom\u00f3veis devem ser higienizados com mais frequ\u00eancia do que se imagina. De acordo com Birgit, estes s\u00e3o os itens com os quais os pais mais se preocupam. \u201cExiste um processo espec\u00edfico. Eles s\u00e3o completamente desmontados, lavados, higienizados e remontados novamente, utilizando sempre os produtos neutros espec\u00edficos para cada item. A primeira limpeza deve ocorrer antes do primeiro uso, pois vem da loja ou a pessoa ganhou de algu\u00e9m, e n\u00e3o sabe por quanto tempo estava exposto, qual foi o tempo que pegou a poeira, \u00e1caros, e afins. Os cuidados devem ocorrer sempre ap\u00f3s qualquer eventualidade. Quando a crian\u00e7a come\u00e7a a comer, ela come\u00e7a a sujar. Ent\u00e3o, sempre que existe alguma sujidade, ele precisa ser higienizado\u201d, acrescenta Birgit Marsili.<\/p>\n\n\n\n<p>\u00c9 importante lembrar que o cuidado com a manuten\u00e7\u00e3o desses acess\u00f3rios n\u00e3o \u00e9 uma quest\u00e3o est\u00e9tica ou econ\u00f4mica, mas envolve a preven\u00e7\u00e3o de doen\u00e7as causadas por ac\u00famulo de sujeiras, que podem ocasionar o surgimento de fungos e \u00e1caros. Nada mais que um investimento na sa\u00fade dos rec\u00e9m-nascidos, afinal.<\/p>\n\n\n\n<p class=\"has-medium-font-size\">Servi\u00e7o:<\/p>\n\n\n\n<p><strong>Lavoutique Lavanderia &amp; Costura<br>Endere\u00e7o Ecoville<\/strong>: Rua Prof. Pedro V. Parigot de Souza, 3901<br><strong>Hor\u00e1rio de atendimento<\/strong>: Seg. a Sex. das 8h \u00e0s 18h | S\u00e1b. das 9h \u00e0s 13h<br><strong>Endere\u00e7o Batel<\/strong>: Alameda Dr. Carlos de Carvalho, 2050<br><strong>Hor\u00e1rio de atendimento<\/strong>: Seg a S\u00e1b, das 9h \u00e0s 20h<br><strong>Telefone<\/strong>: (41) 3285-8500\/ (41) 3026-0600<br><a href=\"http:\/\/www.lavoutique.com\">www.lavoutique.com<\/a><\/p>\n","protected":false},"excerpt":{"rendered":"<p>Al\u00e9m das roupas, itens como cadeirinhas, carrinhos e beb\u00ea conforto exigem aten\u00e7\u00e3o redobrada na hora da limpeza A espera pela chegada de um beb\u00ea \u00e9 sempre cheia de expectativas e preparativos. Muitos pais, ao saberem o sexo da crian\u00e7a j\u00e1 come\u00e7am a pensar na decora\u00e7\u00e3o do quarto e iniciam tamb\u00e9m as buscas pelo enxoval perfeito. [&hellip;]<\/p>\n","protected":false},"author":1,"featured_media":2400,"comment_status":"open","ping_status":"open","sticky":false,"template":"","format":"standard","meta":{"footnotes":""},"categories":[181],"tags":[],"class_list":["post-2399","post","type-post","status-publish","format-standard","has-post-thumbnail","hentry","category-casa-e-decoracao"],"_links":{"self":[{"href":"https:\/\/diarioparanaense.com\/index.php?rest_route=\/wp\/v2\/posts\/2399","targetHints":{"allow":["GET"]}}],"collection":[{"href":"https:\/\/diarioparanaense.com\/index.php?rest_route=\/wp\/v2\/posts"}],"about":[{"href":"https:\/\/diarioparanaense.com\/index.php?rest_route=\/wp\/v2\/types\/post"}],"author":[{"embeddable":true,"href":"https:\/\/diarioparanaense.com\/index.php?rest_route=\/wp\/v2\/users\/1"}],"replies":[{"embeddable":true,"href":"https:\/\/diarioparanaense.com\/index.php?rest_route=%2Fwp%2Fv2%2Fcomments&post=2399"}],"version-history":[{"count":1,"href":"https:\/\/diarioparanaense.com\/index.php?rest_route=\/wp\/v2\/posts\/2399\/revisions"}],"predecessor-version":[{"id":2401,"href":"https:\/\/diarioparanaense.com\/index.php?rest_route=\/wp\/v2\/posts\/2399\/revisions\/2401"}],"wp:featuredmedia":[{"embeddable":true,"href":"https:\/\/diarioparanaense.com\/index.php?rest_route=\/wp\/v2\/media\/2400"}],"wp:attachment":[{"href":"https:\/\/diarioparanaense.com\/index.php?rest_route=%2Fwp%2Fv2%2Fmedia&parent=2399"}],"wp:term":[{"taxonomy":"category","embeddable":true,"href":"https:\/\/diarioparanaense.com\/index.php?rest_route=%2Fwp%2Fv2%2Fcategories&post=2399"},{"taxonomy":"post_tag","embeddable":true,"href":"https:\/\/diarioparanaense.com\/index.php?rest_route=%2Fwp%2Fv2%2Ftags&post=2399"}],"curies":[{"name":"wp","href":"https:\/\/api.w.org\/{rel}","templated":true}]}}