{"id":2395,"date":"2024-03-28T16:11:18","date_gmt":"2024-03-28T19:11:18","guid":{"rendered":"https:\/\/diarioparanaense.com\/?p=2395"},"modified":"2024-03-28T16:11:19","modified_gmt":"2024-03-28T19:11:19","slug":"pascoa-nas-estradas-paranaenses-trafego-intenso-exige-direcao-segura","status":"publish","type":"post","link":"https:\/\/diarioparanaense.com\/?p=2395","title":{"rendered":"P\u00e1scoa nas estradas paranaenses: tr\u00e1fego intenso exige dire\u00e7\u00e3o segura"},"content":{"rendered":"\n<p class=\"has-medium-font-size\">Aten\u00e7\u00e3o ao tr\u00e2nsito e medidas preventivas evitam acidentes<\/p>\n\n\n\n<p>Todos os anos, o feriado de P\u00e1scoa atrai milhares de viajantes para as estradas. No Paran\u00e1, o principal destino \u00e9 o interior do estado, conforme o movimento esperado na rodovi\u00e1ria de Curitiba. A previs\u00e3o indica que 40% das viagens tenham essa regi\u00e3o como ponto de chegada.&nbsp;<\/p>\n\n\n\n<p>No entanto, \u00e9 essencial estar ainda mais atento ao dirigir ou pilotar, devido ao aumento da probabilidade de acidentes pelo grande volume de ve\u00edculos circulando neste per\u00edodo. No feriado prolongado de 2023, a Pol\u00edcia Militar do Paran\u00e1 registrou 58 acidentes, resultando em 16 \u00f3bitos e 81 feridos.<\/p>\n\n\n\n<p>Para evitar trag\u00e9dias e garantir que o momento de lazer e descanso n\u00e3o se transforme em dor de cabe\u00e7a, o gerente regional da Honda Blokton, Ant\u00f4nio Marcos Grigonis, refor\u00e7a alguns cuidados que podem ser tomados.<\/p>\n\n\n\n<p>\u201cA dire\u00e7\u00e3o defensiva deve ser priorizada e um ponto importante no caso de deslocamentos de m\u00e9dia e longa dura\u00e7\u00e3o s\u00e3o as paradas regulares para descanso. Somente essas pausas podem restabelecer as condi\u00e7\u00f5es ideais de concentra\u00e7\u00e3o e reflexos de quem est\u00e1 dirigindo\u201d, salienta.<\/p>\n\n\n\n<p>Ainda sobre a conduta do motorista, Grigonis comenta que \u00e9 necess\u00e1rio manter a calma e evitar a realiza\u00e7\u00e3o de manobras arriscadas caso ocorra a perda de algum retorno na rodovia. Al\u00e9m disso, afirma que \u00e9 necess\u00e1rio se manter alerta a todo o cen\u00e1rio, uma vez que outras pessoas podem adotar essa ideia imprudente.<\/p>\n\n\n\n<p>A presen\u00e7a de \u00f3leo, areia e objetos na pista pode se tornar um problema significativo, resultando em derrapagens e at\u00e9 mesmo quedas para os motociclistas. O gerente da regional Londrina recomenda que, ao avistar objetos na via ou notar um pavimento mais escorregadio, a velocidade seja reduzida imediatamente.<\/p>\n\n\n\n<p>&#8220;Em situa\u00e7\u00f5es em que a queda \u00e9 inevit\u00e1vel, \u00e9 aconselh\u00e1vel direcionar a moto para o acostamento, a fim de evitar atropelamentos e acidentes mais graves&#8221;, destaca.<\/p>\n\n\n\n<p>Para que a moto n\u00e3o caia, Grigonis tamb\u00e9m aconselha a distribui\u00e7\u00e3o equilibrada do conte\u00fado do bagageiro, observando o limite m\u00e1ximo de carga estipulado no manual do propriet\u00e1rio.<\/p>\n\n\n\n<p>E, al\u00e9m da dire\u00e7\u00e3o defensiva, outra dica do profissional \u00e9 manter a revis\u00e3o da moto ou carro sempre em dia.<\/p>\n\n\n\n<p>\u201c\u00c9 preciso estar atento a alguns itens que devem ser checados, como a ilumina\u00e7\u00e3o, setas, pneus, freios, kit rela\u00e7\u00e3o, n\u00edvel do \u00f3leo e flu\u00eddos, entre outros\u201d,&nbsp;&nbsp;finaliza.<\/p>\n","protected":false},"excerpt":{"rendered":"<p>Aten\u00e7\u00e3o ao tr\u00e2nsito e medidas preventivas evitam acidentes Todos os anos, o feriado de P\u00e1scoa atrai milhares de viajantes para as estradas. No Paran\u00e1, o principal destino \u00e9 o interior do estado, conforme o movimento esperado na rodovi\u00e1ria de Curitiba. A previs\u00e3o indica que 40% das viagens tenham essa regi\u00e3o como ponto de chegada.&nbsp; No [&hellip;]<\/p>\n","protected":false},"author":1,"featured_media":2396,"comment_status":"open","ping_status":"open","sticky":false,"template":"","format":"standard","meta":{"footnotes":""},"categories":[29],"tags":[],"class_list":["post-2395","post","type-post","status-publish","format-standard","has-post-thumbnail","hentry","category-artigos"],"_links":{"self":[{"href":"https:\/\/diarioparanaense.com\/index.php?rest_route=\/wp\/v2\/posts\/2395","targetHints":{"allow":["GET"]}}],"collection":[{"href":"https:\/\/diarioparanaense.com\/index.php?rest_route=\/wp\/v2\/posts"}],"about":[{"href":"https:\/\/diarioparanaense.com\/index.php?rest_route=\/wp\/v2\/types\/post"}],"author":[{"embeddable":true,"href":"https:\/\/diarioparanaense.com\/index.php?rest_route=\/wp\/v2\/users\/1"}],"replies":[{"embeddable":true,"href":"https:\/\/diarioparanaense.com\/index.php?rest_route=%2Fwp%2Fv2%2Fcomments&post=2395"}],"version-history":[{"count":1,"href":"https:\/\/diarioparanaense.com\/index.php?rest_route=\/wp\/v2\/posts\/2395\/revisions"}],"predecessor-version":[{"id":2397,"href":"https:\/\/diarioparanaense.com\/index.php?rest_route=\/wp\/v2\/posts\/2395\/revisions\/2397"}],"wp:featuredmedia":[{"embeddable":true,"href":"https:\/\/diarioparanaense.com\/index.php?rest_route=\/wp\/v2\/media\/2396"}],"wp:attachment":[{"href":"https:\/\/diarioparanaense.com\/index.php?rest_route=%2Fwp%2Fv2%2Fmedia&parent=2395"}],"wp:term":[{"taxonomy":"category","embeddable":true,"href":"https:\/\/diarioparanaense.com\/index.php?rest_route=%2Fwp%2Fv2%2Fcategories&post=2395"},{"taxonomy":"post_tag","embeddable":true,"href":"https:\/\/diarioparanaense.com\/index.php?rest_route=%2Fwp%2Fv2%2Ftags&post=2395"}],"curies":[{"name":"wp","href":"https:\/\/api.w.org\/{rel}","templated":true}]}}