{"id":2391,"date":"2024-03-28T16:07:10","date_gmt":"2024-03-28T19:07:10","guid":{"rendered":"https:\/\/diarioparanaense.com\/?p=2391"},"modified":"2024-03-28T16:07:11","modified_gmt":"2024-03-28T19:07:11","slug":"mili-apoia-a-cultura-local-no-festival-de-curitiba","status":"publish","type":"post","link":"https:\/\/diarioparanaense.com\/?p=2391","title":{"rendered":"Mili apoia a cultura local no Festival de Curitiba"},"content":{"rendered":"\n<p class=\"has-medium-font-size\">Marca estar\u00e1 presente em duas pe\u00e7as teatrais voltadas para toda a fam\u00edlia com a\u00e7\u00f5es de apoio e brindes para o p\u00fablico<\/p>\n\n\n\n<p>A empresa paranaense Mili estar\u00e1 presente na 32\u00aa edi\u00e7\u00e3o do Festival de Curitiba para demonstrar seu apoio \u00e0 cultura local. Nos dias 30 e 31 de mar\u00e7o e 06 e 07 de abril, a marca estar\u00e1 no Teatro Bom Jesus com duas pe\u00e7as teatrais destinadas a toda a fam\u00edlia: &#8220;Valentin Valentinho&#8221; e &#8220;Itan e Tal&#8221;. As apresenta\u00e7\u00f5es ocorrer\u00e3o \u00e0s 16 horas e contam com int\u00e9rpretes de Libras e audiodescri\u00e7\u00e3o. As atividades de recrea\u00e7\u00e3o iniciar\u00e3o uma hora antes do espet\u00e1culo.<\/p>\n\n\n<div class=\"wp-block-image\">\n<figure class=\"aligncenter size-full\"><img loading=\"lazy\" decoding=\"async\" width=\"800\" height=\"427\" src=\"https:\/\/diarioparanaense.com\/wp-content\/uploads\/2024\/03\/sw.jpg\" alt=\"\" class=\"wp-image-2393\" srcset=\"https:\/\/diarioparanaense.com\/wp-content\/uploads\/2024\/03\/sw.jpg 800w, https:\/\/diarioparanaense.com\/wp-content\/uploads\/2024\/03\/sw-300x160.jpg 300w, https:\/\/diarioparanaense.com\/wp-content\/uploads\/2024\/03\/sw-768x410.jpg 768w, https:\/\/diarioparanaense.com\/wp-content\/uploads\/2024\/03\/sw-696x371.jpg 696w, https:\/\/diarioparanaense.com\/wp-content\/uploads\/2024\/03\/sw-787x420.jpg 787w\" sizes=\"auto, (max-width: 800px) 100vw, 800px\" \/><\/figure><\/div>\n\n\n<p>Antes das apresenta\u00e7\u00f5es das pe\u00e7as, a mascote da marca, Emili, conhecida pelo seu caracter\u00edstico cabelo azul, entregar\u00e1 doces e tamb\u00e9m distribuir\u00e1 o mais novo lan\u00e7amento: as toalhas femininas para higiene \u00edntima. Al\u00e9m disso, ser\u00e3o realizados sorteios de kits Mili Love&amp;Care, linha premium destinada ao p\u00fablico infantil. Ser\u00e3o 10 kits sendo sorteados por dia e os n\u00fameros das cadeiras determinar\u00e3o os ganhadores, que poder\u00e3o retirar seus pr\u00eamios no final do evento.<\/p>\n\n\n\n<p>A gerente de marketing da empresa destaca que a presen\u00e7a da marca no evento ressalta seu compromisso com a cultura local.<\/p>\n\n\n\n<p>\u201cCuritiba se destaca pela diversidade de eventos e espa\u00e7os dedicados \u00e0 arte. E a Mili, como empresa com ra\u00edzes paranaenses, busca estar sempre presente no calend\u00e1rio cultural da cidade, fortalecendo la\u00e7os com a comunidade local e transformando momentos em mem\u00f3rias duradouras e significativas\u201d, conta.<\/p>\n\n\n\n<p><strong>Servi\u00e7o<\/strong><\/p>\n\n\n\n<p class=\"has-medium-font-size\">Valentim Valentinho<\/p>\n\n\n\n<p>Sinopse: O espet\u00e1culo narra a hist\u00f3ria de um menino prestes a completar onze anos e que sonha em ganhar \u2018coragem\u2019 de presente de anivers\u00e1rio. Valentim vive com a m\u00e3e em uma vila de S\u00e3o Paulo, onde tamb\u00e9m moram seus melhores amigos.Temas como medo, bullying, opress\u00e3o e racismo s\u00e3o tratados com muita delicadeza e responsabilidade. A trama se desenvolve com descobertas importantes para a inf\u00e2ncia, sem perder a divers\u00e3o e leveza. Entre confus\u00f5es e reviravoltas, muito aprendizado acontece.<\/p>\n\n\n\n<p><strong>Local<\/strong>: Teatro Bom Jesus &#8211; R. 24 de Maio, 135 &#8211; Centro<br><strong>Data<\/strong>: 30 e 31 de mar\u00e7o<br><strong>Hor\u00e1rio da ativa\u00e7\u00e3o Mili:<\/strong> 15h<br><strong>Hor\u00e1rio da pe\u00e7a<\/strong>: 16h<br><strong>Dura\u00e7\u00e3o<\/strong>: 50 minutos<br><strong>Ingressos<\/strong>: <a href=\"https:\/\/festivaldecuritiba.com.br\/atracao\/valentim-valentinho\/\" target=\"_blank\" rel=\"noreferrer noopener\">https:\/\/festivaldecuritiba.com.br\/atracao\/valentim-valentinho\/<\/a><\/p>\n\n\n\n<p class=\"has-medium-font-size\">Itan e Tal<\/p>\n\n\n\n<p>Sinopse: Nati, menina pretinha. Canta e adora brincar! Ao inventar o jogo chamado \u201cMundo Invertido das Palavras\u201d, descobre que seu nome ao contr\u00e1rio \u00e9 itaN. Ent\u00e3o, inicia uma profunda jornada em busca do signi\ufb01cado desta palavra, encontrando a sua hist\u00f3ria afro-ind\u00edgena, atrav\u00e9s de uma viagem ao passado e ao futuro.<\/p>\n\n\n\n<p><strong>Local<\/strong>: Teatro Bom Jesus &#8211; R. 24 de Maio, 135 &#8211; Centro<br><strong>Data<\/strong>: 06 e 07 de abril<br><strong>Hor\u00e1rio da ativa\u00e7\u00e3o Mili<\/strong>: 15h<br><strong>Hor\u00e1rio da pe\u00e7a:<\/strong> 16h<br><strong>Dura\u00e7\u00e3o<\/strong>: 65 minutos<br><strong>Ingressos<\/strong>: <a href=\"https:\/\/festivaldecuritiba.com.br\/atracao\/itan-e-tal\/\" target=\"_blank\" rel=\"noreferrer noopener\">https:\/\/festivaldecuritiba.com.br\/atracao\/itan-e-tal\/<\/a><\/p>\n","protected":false},"excerpt":{"rendered":"<p>Marca estar\u00e1 presente em duas pe\u00e7as teatrais voltadas para toda a fam\u00edlia com a\u00e7\u00f5es de apoio e brindes para o p\u00fablico A empresa paranaense Mili estar\u00e1 presente na 32\u00aa edi\u00e7\u00e3o do Festival de Curitiba para demonstrar seu apoio \u00e0 cultura local. Nos dias 30 e 31 de mar\u00e7o e 06 e 07 de abril, a [&hellip;]<\/p>\n","protected":false},"author":1,"featured_media":2392,"comment_status":"open","ping_status":"open","sticky":false,"template":"","format":"standard","meta":{"footnotes":""},"categories":[24],"tags":[],"class_list":["post-2391","post","type-post","status-publish","format-standard","has-post-thumbnail","hentry","category-artes"],"_links":{"self":[{"href":"https:\/\/diarioparanaense.com\/index.php?rest_route=\/wp\/v2\/posts\/2391","targetHints":{"allow":["GET"]}}],"collection":[{"href":"https:\/\/diarioparanaense.com\/index.php?rest_route=\/wp\/v2\/posts"}],"about":[{"href":"https:\/\/diarioparanaense.com\/index.php?rest_route=\/wp\/v2\/types\/post"}],"author":[{"embeddable":true,"href":"https:\/\/diarioparanaense.com\/index.php?rest_route=\/wp\/v2\/users\/1"}],"replies":[{"embeddable":true,"href":"https:\/\/diarioparanaense.com\/index.php?rest_route=%2Fwp%2Fv2%2Fcomments&post=2391"}],"version-history":[{"count":1,"href":"https:\/\/diarioparanaense.com\/index.php?rest_route=\/wp\/v2\/posts\/2391\/revisions"}],"predecessor-version":[{"id":2394,"href":"https:\/\/diarioparanaense.com\/index.php?rest_route=\/wp\/v2\/posts\/2391\/revisions\/2394"}],"wp:featuredmedia":[{"embeddable":true,"href":"https:\/\/diarioparanaense.com\/index.php?rest_route=\/wp\/v2\/media\/2392"}],"wp:attachment":[{"href":"https:\/\/diarioparanaense.com\/index.php?rest_route=%2Fwp%2Fv2%2Fmedia&parent=2391"}],"wp:term":[{"taxonomy":"category","embeddable":true,"href":"https:\/\/diarioparanaense.com\/index.php?rest_route=%2Fwp%2Fv2%2Fcategories&post=2391"},{"taxonomy":"post_tag","embeddable":true,"href":"https:\/\/diarioparanaense.com\/index.php?rest_route=%2Fwp%2Fv2%2Ftags&post=2391"}],"curies":[{"name":"wp","href":"https:\/\/api.w.org\/{rel}","templated":true}]}}