{"id":2388,"date":"2024-03-28T10:34:52","date_gmt":"2024-03-28T13:34:52","guid":{"rendered":"https:\/\/diarioparanaense.com\/?p=2388"},"modified":"2024-03-28T10:34:53","modified_gmt":"2024-03-28T13:34:53","slug":"de-guaraniacu-para-o-mundo-carminha-de-oliveira-conquistatres-medalhas-na-i-copa-brasil-de-paraesgrima","status":"publish","type":"post","link":"https:\/\/diarioparanaense.com\/?p=2388","title":{"rendered":"De Guarania\u00e7u para o mundo: Carminha de Oliveira conquistatr\u00eas medalhas na I Copa Brasil de Paraesgrima"},"content":{"rendered":"\n<p class=\"has-medium-font-size\">Paranaense agora mira as duas \u00faltimas competi\u00e7\u00f5es em busca da vaga paral\u00edmpica de Paris-2024<\/p>\n\n\n\n<p>Nascida em Foz do Igua\u00e7u, Carminha de Oliveira cresceu no munic\u00edpio de Guarania\u00e7u, no interior do Paran\u00e1. Aos tr\u00eas anos, ap\u00f3s tomar uma vacina vencida de poliomielite, a paratleta teve uma atrofia na parte inferior da perna direita. Aos 26 anos, se mudou para Curitiba em busca de novas oportunidades e conheceu o Movimento Paral\u00edmpico ao assistir aos Jogos Rio-2016 pela televis\u00e3o.<\/p>\n\n\n\n<p>Assim come\u00e7ou uma nova trajet\u00f3ria na vida de Carminha. Ap\u00f3s breve passagem pelo t\u00eanis de mesa, conheceu a esgrima e ent\u00e3o se apaixonou. No primeiro ano j\u00e1 foi chamada para o Campeonato Brasileiro e, de l\u00e1 pra c\u00e1, as competi\u00e7\u00f5es n\u00e3o param, levando a paranaense para mais de 10 pa\u00edses.<\/p>\n\n\n\n<p>A I Copa Brasil de Paraesgrima, realizada em S\u00e3o Paulo, em mar\u00e7o, foi o teste antes das pr\u00f3ximas competi\u00e7\u00f5es. Carminha obteve excelentes resultados e levou tr\u00eas medalhas. Na espada, a paratleta conquistou a prata e tamb\u00e9m garantiu 2 medalhas de bronze, no sabre e no florete.<\/p>\n\n\n\n<p>\u201cEstou muito satisfeita com meus resultados na Copa Brasil, mas s\u00e3o as duas pr\u00f3ximas competi\u00e7\u00f5es que v\u00e3o definir a minha ida para Paris. Estou focada nisso\u201d, afirma a competidora.<\/p>\n\n\n\n<p>A vaga mais importante da sua carreira depende agora das duas pr\u00f3ximas competi\u00e7\u00f5es. Com treinamentos intensos e focados em velocidade, a paranaense busca o carimbo no passaporte na Copa do Mundo e no Regional das Am\u00e9ricas de Paraesgrima, que ser\u00e3o disputados em maio. Ambas as competi\u00e7\u00f5es ser\u00e3o em S\u00e3o Paulo, no Centro de Treinamento Paral\u00edmpico Brasileiro, e contam pontos para o ranking mundial.<\/p>\n\n\n\n<blockquote class=\"wp-block-quote is-layout-flow wp-block-quote-is-layout-flow\">\n<p>\u201cVamos buscar essa vaga com muita determina\u00e7\u00e3o. Paris-2024 \u00e9 um sonho\u201d, finaliza a paratleta paranaense.<\/p>\n<\/blockquote>\n\n\n\n<p>Carminha representa a capital Curitiba nas competi\u00e7\u00f5es nacionais, recebendo incentivo do PROESPORTE\/PR, Governo do Estado do Paran\u00e1 e COPEL e com apoio do Programa Gera\u00e7\u00e3o Ol\u00edmpica e Paral\u00edmpica do Estado do Paran\u00e1, Lei de Incentivo Municipal ao esporte de Curitiba e Bolsa Atleta do Governo&nbsp;Federal.<\/p>\n","protected":false},"excerpt":{"rendered":"<p>Paranaense agora mira as duas \u00faltimas competi\u00e7\u00f5es em busca da vaga paral\u00edmpica de Paris-2024 Nascida em Foz do Igua\u00e7u, Carminha de Oliveira cresceu no munic\u00edpio de Guarania\u00e7u, no interior do Paran\u00e1. Aos tr\u00eas anos, ap\u00f3s tomar uma vacina vencida de poliomielite, a paratleta teve uma atrofia na parte inferior da perna direita. Aos 26 anos, [&hellip;]<\/p>\n","protected":false},"author":1,"featured_media":2389,"comment_status":"open","ping_status":"open","sticky":false,"template":"","format":"standard","meta":{"footnotes":""},"categories":[159],"tags":[],"class_list":["post-2388","post","type-post","status-publish","format-standard","has-post-thumbnail","hentry","category-esportes"],"_links":{"self":[{"href":"https:\/\/diarioparanaense.com\/index.php?rest_route=\/wp\/v2\/posts\/2388","targetHints":{"allow":["GET"]}}],"collection":[{"href":"https:\/\/diarioparanaense.com\/index.php?rest_route=\/wp\/v2\/posts"}],"about":[{"href":"https:\/\/diarioparanaense.com\/index.php?rest_route=\/wp\/v2\/types\/post"}],"author":[{"embeddable":true,"href":"https:\/\/diarioparanaense.com\/index.php?rest_route=\/wp\/v2\/users\/1"}],"replies":[{"embeddable":true,"href":"https:\/\/diarioparanaense.com\/index.php?rest_route=%2Fwp%2Fv2%2Fcomments&post=2388"}],"version-history":[{"count":1,"href":"https:\/\/diarioparanaense.com\/index.php?rest_route=\/wp\/v2\/posts\/2388\/revisions"}],"predecessor-version":[{"id":2390,"href":"https:\/\/diarioparanaense.com\/index.php?rest_route=\/wp\/v2\/posts\/2388\/revisions\/2390"}],"wp:featuredmedia":[{"embeddable":true,"href":"https:\/\/diarioparanaense.com\/index.php?rest_route=\/wp\/v2\/media\/2389"}],"wp:attachment":[{"href":"https:\/\/diarioparanaense.com\/index.php?rest_route=%2Fwp%2Fv2%2Fmedia&parent=2388"}],"wp:term":[{"taxonomy":"category","embeddable":true,"href":"https:\/\/diarioparanaense.com\/index.php?rest_route=%2Fwp%2Fv2%2Fcategories&post=2388"},{"taxonomy":"post_tag","embeddable":true,"href":"https:\/\/diarioparanaense.com\/index.php?rest_route=%2Fwp%2Fv2%2Ftags&post=2388"}],"curies":[{"name":"wp","href":"https:\/\/api.w.org\/{rel}","templated":true}]}}