{"id":2385,"date":"2024-03-28T09:38:38","date_gmt":"2024-03-28T12:38:38","guid":{"rendered":"https:\/\/diarioparanaense.com\/?p=2385"},"modified":"2024-03-28T09:38:39","modified_gmt":"2024-03-28T12:38:39","slug":"a-mude-pioneira-em-transformar-cidades-em-espacos-de-bem-estar-no-brasil-participa-do-10a-edicao-arnold-south-america-o-maior-evento-multiesportivo-da-america-do-sul","status":"publish","type":"post","link":"https:\/\/diarioparanaense.com\/?p=2385","title":{"rendered":"A Mude, pioneira em transformar cidades em espa\u00e7os de bem-estar no Brasil, participa do 10\u00aa edi\u00e7\u00e3o Arnold South America, o maior evento multiesportivo da Am\u00e9rica do Sul"},"content":{"rendered":"\n<p class=\"has-medium-font-size\"><strong>5, 6 e 7<em>\u00a0de abril no Expo Center Norte, S\u00e3o Paulo<\/em><\/strong><\/p>\n\n\n\n<p>A Mude marca presen\u00e7a no&nbsp;<strong>Arnold South America<\/strong>, o principal evento multiesportivo da Am\u00e9rica Latina, que acontece em S\u00e3o Paulo do dia 5 a 7 de abril. A Mude, que estar\u00e1 na&nbsp;<strong>10\u00aa edi\u00e7\u00e3o&nbsp;<\/strong><strong>Arnold South America<\/strong>, traz como um dos pontos altos a palestra do CEO Marcus Moraes. Na ocasi\u00e3o ser\u00e3o compartilhadas suas inspira\u00e7\u00f5es e experi\u00eancias ao lado de renomados nomes do setor. Esta palestra oferecer\u00e1 uma oportunidade para explorar a hist\u00f3ria da empresa e sua inspira\u00e7\u00e3o: Muscle Beach, localizada em Los Angeles, onde Arnold Schwarzenegger treinava e que hoje \u00e9 uma das academias que utiliza os equipamentos fornecidos pela Mude.<\/p>\n\n\n\n<p>O modelo de neg\u00f3cio inovador, o FaaS (Fitness as a Service), que a empresa desenvolveu, consiste&nbsp;na loca\u00e7\u00e3o de equipamentos, presta\u00e7\u00e3o de servi\u00e7os e disponibiliza\u00e7\u00e3o de tecnologia de gest\u00e3o para&nbsp;academias brasileiras inspiradas no mesmo layout da Muscle Beach, baseada em parcerias com o setor p\u00fablico para fornecer \u00e0s pessoas uma infraestrutura completa. Alguns exemplos s\u00e3o as academias localizadas&nbsp;no Parque&nbsp;Villa Lobos-SP, Florian\u00f3polis-SC, Ipanema-RJ e Parque&nbsp;da Cidade-DF.<\/p>\n\n\n\n<p class=\"has-medium-font-size\"><strong>Venice Beach vem para o Brasil<\/strong><\/p>\n\n\n\n<p>Junto com a parceria da ON\u00ae Optimum Nutrition, a Mude apresenta a r\u00e9plica&nbsp;da academia em Venice Beach, Calif\u00f3rnia, com aparelhos de muscula\u00e7\u00e3o patenteados. \u201cQueremos proporcionar aos visitantes uma experi\u00eancia imersiva na nossa filosofia e na qualidade dos equipamentos que produzimos. Em eventos como esse, refor\u00e7amos nosso compromisso cont\u00ednuo nos espa\u00e7os urbanos promovendo inova\u00e7\u00e3o, inclusive sa\u00fade e qualidade, assim como os produtos da Optimum Nutrition\u201d, comenta o CEO da Mude Marcus Moraes.&nbsp;<\/p>\n\n\n\n<p>H\u00e1&nbsp;23&nbsp;anos, a academia que Arnold Schwarzenegger frequentava foi a inspira\u00e7\u00e3o de Marcus Moraes para a cria\u00e7\u00e3o da Mude, o CEO conta que o sonho da empresa \u00e9 a continuidade do sonho do fisiculturista&nbsp; de promover a muscula\u00e7\u00e3o, o bem-estar, o bodybuilding e a sa\u00fade no mundo todo&nbsp;como estilo de vida.<strong>&nbsp;<\/strong>A Mude desempenha um papel crucial na revitaliza\u00e7\u00e3o da Muscle Beach desde 2018. A academia americana ficou inativa devido \u00e0 falta de conserva\u00e7\u00e3o e levou um tempo para ser reinaugurada, reabrindo finalmente em 14 de mar\u00e7o de 2022. Marcus Moraes expressa com emo\u00e7\u00e3o: &#8220;\u00c9 um grande orgulho fornecer equipamentos para a academia que me inspirou. A fabrica\u00e7\u00e3o em a\u00e7o inoxid\u00e1vel&nbsp;visa garantir&nbsp;a longevidade dos materiais, solucionando os problemas causados pelas condi\u00e7\u00f5es clim\u00e1ticas. Agora, a Muscle Beach est\u00e1 de volta \u00e0 ativa, sendo reconhecida como o ponto&nbsp;de refer\u00eancia&nbsp;mundial para os entusiastas da malha\u00e7\u00e3o&#8221;.&nbsp;<\/p>\n\n\n\n<p>A arquiteta Beatriz Valencia, respons\u00e1vel pelo projeto e desenvolvimento do stand diz que &#8220;a r\u00e9plica da Muscle Beach de Venice vai transportar o p\u00fablico para uma das praias mais badaladas do mundo. Criamos elementos que lembram tanto a pr\u00f3pria academia quanto o ambiente ao seu redor, como as constru\u00e7\u00f5es alaranjadas \u00e0 beira-mar da Calif\u00f3rnia e o famoso painel com a imagem de Arnold estampada. Al\u00e9m disso, foram adicionadas caracter\u00edsticas espec\u00edficas da academia, como o guarda-corpo em a\u00e7o inox com seu desenho escalonado.\u201d<\/p>\n\n\n\n<p class=\"has-medium-font-size\"><strong>Mais sobre a Mude&nbsp;<\/strong><\/p>\n\n\n\n<p>Fundada em 2001, a empresa teve in\u00edcio no Rio de Janeiro gra\u00e7as \u00e0 vis\u00e3o inovadora e determina\u00e7\u00e3o de Marcus Moraes, o fundador da empresa. Em 1996, no Pan-Americano de Jiu-Jitsu, ainda como faixa roxa e atleta de alta performance, Moraes trouxe uma ideia revolucion\u00e1ria: a cria\u00e7\u00e3o de uma academia a c\u00e9u aberto inspirada na c\u00e9lebre Muscle Beach, localizada em Venice Beach, em Los Angeles, Estados Unidos.<\/p>\n\n\n\n<p>De volta ao Brasil, o carioca se empenhou para tirar a ideia do papel. Formado em engenharia de produ\u00e7\u00e3o, Moraes decide construir os equipamentos com pe\u00e7as fabricadas com a\u00e7o inoxid\u00e1vel. A solu\u00e7\u00e3o, resistente \u00e0 a\u00e7\u00e3o do tempo e \u00e0 maresia, foi o recurso ideal para as esta\u00e7\u00f5es instaladas em locais abertos. Com um investimento inicial de&nbsp;R$150 mil, Marcus Moraes fundou a&nbsp;Mude, inicialmente uma abrevia\u00e7\u00e3o de Mobili\u00e1rios Urbanos Desportivos, mas que hoje representa a mudan\u00e7a que a empresa deseja provocar nas pessoas e cidades atrav\u00e9s do bem-estar.&nbsp;<\/p>\n\n\n\n<p>Na \u00e1rea da sa\u00fade, a marca j\u00e1 ganhou o pr\u00eamio de mais inovadora do Brasil no Desafio RD Eretz.bio de 2021. A parceria entre a incubadora de startups do Hospital Albert Einstein e a rede de farm\u00e1cias Raia Drogasil reconheceu empresas que contribuem para a pr\u00e1tica de exerc\u00edcios f\u00edsicos e a melhora do sono, da sa\u00fade mental e da alimenta\u00e7\u00e3o dos cidad\u00e3os.<\/p>\n\n\n\n<p>Pioneira em transformar as cidades em espa\u00e7os de bem-estar no Brasil, a Mude se destaca ao longo das praias e capitais brasileiras ao conectar marcas e consumidores em atividades f\u00edsicas ao ar livre gratuitas. Por meio de esta\u00e7\u00f5es de treino, academias a c\u00e9u aberto, ativa\u00e7\u00f5es e aulas coletivas, a Mude cria oportunidades para marcas se sobressa\u00edrem em meio \u00e0 cidade. O p\u00fablico pode usufruir de muscula\u00e7\u00e3o, alongamentos, medita\u00e7\u00e3o, aulas de yoga,&nbsp;futev\u00f4lei, v\u00f4lei de praia, muay thai, mat pilates, funcional adaptado &#8211; circuito para cadeirantes, boxe, entre outras modalidades.&nbsp;<\/p>\n\n\n\n<p>Ao lado da comunidade, do poder p\u00fablico e da esfera privada, a Mude consolida benef\u00edcios m\u00fatuos para uma sociedade mais saud\u00e1vel. Isto se torna poss\u00edvel a partir do momento em que a empresa faz a publicidade virar uma experi\u00eancia de bem-estar, unindo a veicula\u00e7\u00e3o de m\u00eddia OOH (m\u00eddia fora de casa), DOOH (m\u00eddia digital fora de casa) e pDOOH (m\u00eddia exterior digital e program\u00e1tica) \u00e0s Esta\u00e7\u00f5es Mude \u2013 um mobili\u00e1rio desportivo totalmente funcional, patenteado e produzido tamb\u00e9m pela empresa.<\/p>\n\n\n\n<p>Em 15 cidades e sete estados brasileiros, a Mude conta com mais de 700 espa\u00e7os de atividades, 190 faces de m\u00eddia e 65 academias ao ar livre. Seu crescimento \u00e9 evidenciado pelo faturamento, que saltou de R$13 milh\u00f5es em 2019 para R$41 milh\u00f5es em 2023, consolidando sua lideran\u00e7a com experi\u00eancias de sa\u00fade f\u00edsica e qualidade de vida. Al\u00e9m disso, a pioneira conecta mensalmente mais de 75 milh\u00f5es de pessoas a anunciantes como Mercado Livre, Vivo, Stanley, YoPRO, Porto Seguro, Centrum, Raia Drogasil, Unimed, Adidas.<\/p>\n\n\n\n<p><strong>Informa\u00e7\u00f5es Mude&nbsp;<\/strong><\/p>\n\n\n\n<p>Instagram:<a href=\"https:\/\/instagram.com\/instadamude?igshid=MTNiYzNiMzkwZA==\" target=\"_blank\" rel=\"noreferrer noopener\">https:\/\/instagram.com\/instadamude?igshid=MTNiYzNiMzkwZA==<\/a>&nbsp;<\/p>\n\n\n\n<p>Site:&nbsp;<a href=\"https:\/\/mude.fit\/\" target=\"_blank\" rel=\"noreferrer noopener\">https:\/\/mude.fit<\/a>&nbsp;&nbsp;<\/p>\n\n\n\n<p>Aplicativo: Mude.Fit\u201d pela&nbsp;<a href=\"https:\/\/play.google.com\/store\/apps\/details?id=fit.mude.app\" target=\"_blank\" rel=\"noreferrer noopener\">Play Store<\/a>&nbsp;ou&nbsp;<a href=\"https:\/\/apps.apple.com\/br\/app\/mude-yoga-e-fitness\/id1444152499\" target=\"_blank\" rel=\"noreferrer noopener\">App Store<\/a><\/p>\n\n\n\n<p><strong>Informa\u00e7\u00f5es, 10\u00aa<\/strong><strong>&nbsp;edi\u00e7\u00e3o&nbsp;<\/strong><strong>Arnold South America&nbsp;<\/strong><\/p>\n\n\n\n<p><a href=\"https:\/\/arnold.savagetpromocoes.com.br\/sobre-o-arnold-south-america\/\" target=\"_blank\" rel=\"noreferrer noopener\">Sobre o Arnold South America<\/a>&nbsp;<\/p>\n\n\n\n<p><strong>Servi\u00e7o<\/strong><\/p>\n\n\n\n<p><strong>Data:&nbsp;<\/strong>05, 06, 07 de abril<\/p>\n\n\n\n<p><strong>Hor\u00e1rio:<\/strong>&nbsp;<\/p>\n\n\n\n<p>Sexta e s\u00e1bado \u2013 dias 05 e 06\/04 &#8211; 10h \u00e0s 20h<\/p>\n\n\n\n<p>Domingo \u2013 dia 07\/04 &#8211; 10h \u00e0s 18h<\/p>\n\n\n\n<p><strong>Local:<\/strong>&nbsp;EXPO CENTER NORTE &#8211; Rua Jos\u00e9 Bernardo Pinto, 333 \u2013 Vila Guilherme, S\u00e3o Paulo \u2013 SP, CEP: 02055-000<\/p>\n\n\n\n<p><strong>Ingresso:&nbsp;<\/strong><a href=\"https:\/\/www.blueticket.com.br\/Arnold2024?utm_source=site&amp;utm_medium=menu&amp;utm_campaign=lotezero2024&amp;_gl=1%2a1uyk544%2a_gcl_au%2aMTg0MTk5NjQ1MS4xNzA5NzQwMzc5\" target=\"_blank\" rel=\"noreferrer noopener\">https:\/\/www.blueticket.com.br\/Arnold2024?utm_source=site&amp;utm_medium=menu&amp;utm_campaign=lotezero2024&amp;_gl=1%2a1uyk544%2a_gcl_au%2aMTg0MTk5NjQ1MS4xNzA5NzQwMzc5<\/a>&nbsp;<\/p>\n","protected":false},"excerpt":{"rendered":"<p>5, 6 e 7\u00a0de abril no Expo Center Norte, S\u00e3o Paulo A Mude marca presen\u00e7a no&nbsp;Arnold South America, o principal evento multiesportivo da Am\u00e9rica Latina, que acontece em S\u00e3o Paulo do dia 5 a 7 de abril. A Mude, que estar\u00e1 na&nbsp;10\u00aa edi\u00e7\u00e3o&nbsp;Arnold South America, traz como um dos pontos altos a palestra do CEO [&hellip;]<\/p>\n","protected":false},"author":1,"featured_media":2386,"comment_status":"open","ping_status":"open","sticky":false,"template":"","format":"standard","meta":{"footnotes":""},"categories":[159,186],"tags":[],"class_list":["post-2385","post","type-post","status-publish","format-standard","has-post-thumbnail","hentry","category-esportes","category-eventos"],"_links":{"self":[{"href":"https:\/\/diarioparanaense.com\/index.php?rest_route=\/wp\/v2\/posts\/2385","targetHints":{"allow":["GET"]}}],"collection":[{"href":"https:\/\/diarioparanaense.com\/index.php?rest_route=\/wp\/v2\/posts"}],"about":[{"href":"https:\/\/diarioparanaense.com\/index.php?rest_route=\/wp\/v2\/types\/post"}],"author":[{"embeddable":true,"href":"https:\/\/diarioparanaense.com\/index.php?rest_route=\/wp\/v2\/users\/1"}],"replies":[{"embeddable":true,"href":"https:\/\/diarioparanaense.com\/index.php?rest_route=%2Fwp%2Fv2%2Fcomments&post=2385"}],"version-history":[{"count":1,"href":"https:\/\/diarioparanaense.com\/index.php?rest_route=\/wp\/v2\/posts\/2385\/revisions"}],"predecessor-version":[{"id":2387,"href":"https:\/\/diarioparanaense.com\/index.php?rest_route=\/wp\/v2\/posts\/2385\/revisions\/2387"}],"wp:featuredmedia":[{"embeddable":true,"href":"https:\/\/diarioparanaense.com\/index.php?rest_route=\/wp\/v2\/media\/2386"}],"wp:attachment":[{"href":"https:\/\/diarioparanaense.com\/index.php?rest_route=%2Fwp%2Fv2%2Fmedia&parent=2385"}],"wp:term":[{"taxonomy":"category","embeddable":true,"href":"https:\/\/diarioparanaense.com\/index.php?rest_route=%2Fwp%2Fv2%2Fcategories&post=2385"},{"taxonomy":"post_tag","embeddable":true,"href":"https:\/\/diarioparanaense.com\/index.php?rest_route=%2Fwp%2Fv2%2Ftags&post=2385"}],"curies":[{"name":"wp","href":"https:\/\/api.w.org\/{rel}","templated":true}]}}