{"id":2378,"date":"2024-03-26T14:22:10","date_gmt":"2024-03-26T17:22:10","guid":{"rendered":"https:\/\/diarioparanaense.com\/?p=2378"},"modified":"2024-03-26T14:22:10","modified_gmt":"2024-03-26T17:22:10","slug":"brasil-e-o-2o-pais-do-mundo-com-mais-casos-de-cyberbullying-infantil","status":"publish","type":"post","link":"https:\/\/diarioparanaense.com\/?p=2378","title":{"rendered":"Brasil \u00e9 o 2\u00ba pa\u00eds do mundo com mais casos de cyberbullying infantil"},"content":{"rendered":"\n<p class=\"has-medium-font-size\">Escola Atua\u00e7\u00e3o desenvolve projeto para r\u00e1pida detec\u00e7\u00e3o de casos e acolhimento dos jovens no ambiente escolar<\/p>\n\n\n\n<p>Uma pesquisa publicada pela Ipsos (empresa de pesquisa de mercado) revela que o Brasil \u00e9 o segundo pa\u00eds com mais casos de bullying virtual contra crian\u00e7as. Vista a gravidade do cen\u00e1rio, foi sancionada no in\u00edcio do ano a nova lei federal n \u00ba 14. 811\/24, que tipifica o bullying e o cyberbullying como crimes. Caso as condutas sejam praticadas por crian\u00e7as ou adolescentes, cabe a aplica\u00e7\u00e3o de medidas socioeducativas descritas no Estatuto da Crian\u00e7a e do Adolescente.<\/p>\n\n\n\n<p>Para combater essa viol\u00eancia, a Escola Atua\u00e7\u00e3o desenvolveu o projeto &#8220;Brigada Antibullying&#8221;, formado por uma comiss\u00e3o de estudantes, eleitos pelos pr\u00f3prios colegas, que tra\u00e7am estrat\u00e9gias de combate \u00e0 pr\u00e1tica de atos violentos, intencionais e repetitivos, contra uma pessoa indefesa, que podem causar danos f\u00edsicos e psicol\u00f3gicos \u00e0s v\u00edtimas.<\/p>\n\n\n\n<p>Segundo a conselheira e psicopedagoga da Escola Atua\u00e7\u00e3o, Esther Cristina Pereira, quando se fala sobre bullying, \u00e9 importante que o ambiente escolar se preocupe com os estudantes. \u201cA nossa Brigada vem justamente para dar leveza a essa sociedade que \u00e9 a escola. Hoje, mais do que nunca, o centro de ensino \u00e9 um dos principais redutos sociais, pois a crian\u00e7a passa a maior parte do tempo dentro da institui\u00e7\u00e3o\u201d, comenta.<\/p>\n\n\n\n<p>Dependendo do caso, o estudante pode ter sua vida escolar e pessoal comprometida. Com a quantidade de v\u00edtimas, \u00e9 essencial a mobiliza\u00e7\u00e3o dentro e fora das escolas. \u201cA fam\u00edlia \u00e9 um dos meios mais f\u00e1ceis de detectarmos o bullying, quando existe uma escuta efetiva e afetiva no ambiente familiar. Por isso a ideia do projeto \u00e9 detectar de maneira r\u00e1pida o que est\u00e1 acontecendo e gerar um espa\u00e7o de acolhimento e resolu\u00e7\u00e3o\u201d, complementa a&nbsp;psicopedagoga.<\/p>\n","protected":false},"excerpt":{"rendered":"<p>Escola Atua\u00e7\u00e3o desenvolve projeto para r\u00e1pida detec\u00e7\u00e3o de casos e acolhimento dos jovens no ambiente escolar Uma pesquisa publicada pela Ipsos (empresa de pesquisa de mercado) revela que o Brasil \u00e9 o segundo pa\u00eds com mais casos de bullying virtual contra crian\u00e7as. Vista a gravidade do cen\u00e1rio, foi sancionada no in\u00edcio do ano a nova [&hellip;]<\/p>\n","protected":false},"author":1,"featured_media":2380,"comment_status":"open","ping_status":"open","sticky":false,"template":"","format":"standard","meta":{"footnotes":""},"categories":[29],"tags":[],"class_list":["post-2378","post","type-post","status-publish","format-standard","has-post-thumbnail","hentry","category-artigos"],"_links":{"self":[{"href":"https:\/\/diarioparanaense.com\/index.php?rest_route=\/wp\/v2\/posts\/2378","targetHints":{"allow":["GET"]}}],"collection":[{"href":"https:\/\/diarioparanaense.com\/index.php?rest_route=\/wp\/v2\/posts"}],"about":[{"href":"https:\/\/diarioparanaense.com\/index.php?rest_route=\/wp\/v2\/types\/post"}],"author":[{"embeddable":true,"href":"https:\/\/diarioparanaense.com\/index.php?rest_route=\/wp\/v2\/users\/1"}],"replies":[{"embeddable":true,"href":"https:\/\/diarioparanaense.com\/index.php?rest_route=%2Fwp%2Fv2%2Fcomments&post=2378"}],"version-history":[{"count":1,"href":"https:\/\/diarioparanaense.com\/index.php?rest_route=\/wp\/v2\/posts\/2378\/revisions"}],"predecessor-version":[{"id":2381,"href":"https:\/\/diarioparanaense.com\/index.php?rest_route=\/wp\/v2\/posts\/2378\/revisions\/2381"}],"wp:featuredmedia":[{"embeddable":true,"href":"https:\/\/diarioparanaense.com\/index.php?rest_route=\/wp\/v2\/media\/2380"}],"wp:attachment":[{"href":"https:\/\/diarioparanaense.com\/index.php?rest_route=%2Fwp%2Fv2%2Fmedia&parent=2378"}],"wp:term":[{"taxonomy":"category","embeddable":true,"href":"https:\/\/diarioparanaense.com\/index.php?rest_route=%2Fwp%2Fv2%2Fcategories&post=2378"},{"taxonomy":"post_tag","embeddable":true,"href":"https:\/\/diarioparanaense.com\/index.php?rest_route=%2Fwp%2Fv2%2Ftags&post=2378"}],"curies":[{"name":"wp","href":"https:\/\/api.w.org\/{rel}","templated":true}]}}