{"id":2375,"date":"2024-03-26T14:12:51","date_gmt":"2024-03-26T17:12:51","guid":{"rendered":"https:\/\/diarioparanaense.com\/?p=2375"},"modified":"2024-03-26T14:12:56","modified_gmt":"2024-03-26T17:12:56","slug":"clube-curitibano-sera-palco-de-duas-pecas-de-teatro-do-fringe","status":"publish","type":"post","link":"https:\/\/diarioparanaense.com\/?p=2375","title":{"rendered":"Clube Curitibano ser\u00e1 palco de duas pe\u00e7as de teatro do Fringe"},"content":{"rendered":"\n<p class=\"has-medium-font-size\">Abertos ao p\u00fablico geral, os espet\u00e1culos acontecem na Sede Bar\u00e3o e Conc\u00f3rdia e contar\u00e3o com tradu\u00e7\u00e3o em libras<\/p>\n\n\n\n<p>A partir do dia 28 de mar\u00e7o, o Clube Curitibano abre as portas para o maior festival de teatro da Am\u00e9rica Latina, o Festival de Curitiba. Dois espet\u00e1culos da mostra Fringe estar\u00e3o em cartaz na Sede Bar\u00e3o do Serro Azul e na Sede Conc\u00f3rdia trazendo uma novidade: cada pe\u00e7a contar\u00e1 com a tradu\u00e7\u00e3o em libras em datas espec\u00edficas.<\/p>\n\n\n\n<p>\u201cA cultura \u00e9 essencial para o bem-estar de uma sociedade. Por isso, \u00e9 importante que o clube fa\u00e7a parte desses movimentos, pois eles promovem um espa\u00e7o de diversidade, toler\u00e2ncia e inclus\u00e3o. Al\u00e9m disso, a iniciativa ajuda as pessoas a se conectarem e a valorizarem a cultura\u201d, conta Anna Carolina Accioly de Castro, Gerente de Cultura e Sede Conc\u00f3rdia do Clube Curitibano.<\/p>\n\n\n\n<p>O Grupo de Teatro do Clube Curitibano se dividiu em dois elencos, os quais v\u00eam trabalhando para apresentar o resultado no Fringe, uma mostra aberta que re\u00fane atra\u00e7\u00f5es de teatro, circo, m\u00fasica e dan\u00e7a.<\/p>\n\n\n\n<p class=\"has-medium-font-size\">Sobre as pe\u00e7as<\/p>\n\n\n\n<p><strong>Dr\u00e1cula II \u2013 O Retorno<\/strong><\/p>\n\n\n\n<p>20 anos depois, a pe\u00e7a Dr\u00e1cula, dirigida por En\u00e9as Lour, que foi um sucesso em 2013, ganha uma continua\u00e7\u00e3o feita pelo Grupo de Teatro do Clube Curitibano. \u201cDr\u00e1cula II &#8211; O Retorno\u201d \u00e9 uma com\u00e9dia dirigida e escrita por Eric Durelli, que contar\u00e1 com a presen\u00e7a de duas celebridades, o ex-bbb da edi\u00e7\u00e3o 14, Marcelo Zagonel, e o tiktoker, com mais de 9 milh\u00f5es de seguidores, Andr\u00e9 Flores.<\/p>\n\n\n\n<p>Dr\u00e1cula II se concentra em Ighor &#8220;o corcunda&#8221;, que tem um plano de sequestrar Mirna, a filha de John e Mary, e a oferecer ao Conde Dr\u00e1cula para que ele possa se casar. O vampiro mais famoso do mundo s\u00f3 n\u00e3o contava que o servo atrapalhado erraria o caminho de volta e iria parar nas pir\u00e2mides do Egito, onde o Fara\u00f3 tamb\u00e9m tem planos para se casar.<\/p>\n\n\n\n<p><strong>Perfume &#8211; Uma Trama Arom\u00e1tica<\/strong><\/p>\n\n\n\n<p>O Grupo de Teatro do Clube Curitibano tamb\u00e9m apresentar\u00e1 a pe\u00e7a dirigida e escrita por Humberto Gomes, \u201cPerfume &#8211; Uma Trama Arom\u00e1tica\u201d. A trama, indicada para maiores de 12 anos, cont\u00e9m refer\u00eancias das d\u00e9cadas de 50 e 60 e aborda uma narrativa de manipula\u00e7\u00e3o, trai\u00e7\u00e3o e paix\u00e3o.<\/p>\n\n\n\n<p>O enredo de &#8220;Perfume\u201d narra a hist\u00f3ria de um Imp\u00e9rio de Fragr\u00e2ncias que esconde segredos profundos. A com\u00e9dia conta a vida de Adam, um magnata enigm\u00e1tico, que anseia por reencontrar um amor esquecido na juventude e, em uma reviravolta, cai em um plano arquitetado por sete mulheres sombrias e carism\u00e1ticas.<\/p>\n\n\n\n<p><strong>Confira a programa\u00e7\u00e3o<\/strong><\/p>\n\n\n\n<p>Os ingressos podem ser adquiridos antecipadamente pelo site oficial www.festivaldecuritiba.com.br ou uma hora antes de cada apresenta\u00e7\u00e3o diretamente na bilheteria do teatro pelo valor de R$ 20 para o p\u00fablico, e de R$ 10 para associados ao clube.<\/p>\n\n\n\n<p><strong>Dr\u00e1cula II \u2013 O Retorno<\/strong><\/p>\n\n\n\n<p>G\u00eanero: Com\u00e9dia<br>Dura\u00e7\u00e3o: 75 min<br>Classifica\u00e7\u00e3o: Livre<br>Datas, hor\u00e1rio e endere\u00e7o: 28, 29 e 30 de mar\u00e7o e 3, 4, 5* e 6 de abril, \u00e0s 20h, na Sede Conc\u00f3rdia, Rua Presidente Carlos Cavalcanti, 815, S\u00e3o Francisco.<br>*A sess\u00e3o do dia 05\/04 contar\u00e1 com um int\u00e9rprete de libras.<\/p>\n\n\n\n<p><strong>Perfume &#8211; Uma Trama Arom\u00e1tica<\/strong><\/p>\n\n\n\n<p>G\u00eanero: Com\u00e9dia<br>Dura\u00e7\u00e3o: 50 min<br>Classifica\u00e7\u00e3o: +12<br>Datas, hor\u00e1rio e endere\u00e7o: 5 e 6* de abril, \u00e0s 20h, na Sede Bar\u00e3o do Serro Azul, no Teatro Alcides Munhoz, Avenida Presidente Get\u00falio Vargas, 2857, \u00c1gua Verde.<br>*A sess\u00e3o do dia 06\/04 contar\u00e1 com um int\u00e9rprete&nbsp;de&nbsp;libras.<\/p>\n","protected":false},"excerpt":{"rendered":"<p>Abertos ao p\u00fablico geral, os espet\u00e1culos acontecem na Sede Bar\u00e3o e Conc\u00f3rdia e contar\u00e3o com tradu\u00e7\u00e3o em libras A partir do dia 28 de mar\u00e7o, o Clube Curitibano abre as portas para o maior festival de teatro da Am\u00e9rica Latina, o Festival de Curitiba. Dois espet\u00e1culos da mostra Fringe estar\u00e3o em cartaz na Sede Bar\u00e3o [&hellip;]<\/p>\n","protected":false},"author":1,"featured_media":2376,"comment_status":"open","ping_status":"open","sticky":false,"template":"","format":"standard","meta":{"footnotes":""},"categories":[24],"tags":[],"class_list":["post-2375","post","type-post","status-publish","format-standard","has-post-thumbnail","hentry","category-artes"],"_links":{"self":[{"href":"https:\/\/diarioparanaense.com\/index.php?rest_route=\/wp\/v2\/posts\/2375","targetHints":{"allow":["GET"]}}],"collection":[{"href":"https:\/\/diarioparanaense.com\/index.php?rest_route=\/wp\/v2\/posts"}],"about":[{"href":"https:\/\/diarioparanaense.com\/index.php?rest_route=\/wp\/v2\/types\/post"}],"author":[{"embeddable":true,"href":"https:\/\/diarioparanaense.com\/index.php?rest_route=\/wp\/v2\/users\/1"}],"replies":[{"embeddable":true,"href":"https:\/\/diarioparanaense.com\/index.php?rest_route=%2Fwp%2Fv2%2Fcomments&post=2375"}],"version-history":[{"count":1,"href":"https:\/\/diarioparanaense.com\/index.php?rest_route=\/wp\/v2\/posts\/2375\/revisions"}],"predecessor-version":[{"id":2377,"href":"https:\/\/diarioparanaense.com\/index.php?rest_route=\/wp\/v2\/posts\/2375\/revisions\/2377"}],"wp:featuredmedia":[{"embeddable":true,"href":"https:\/\/diarioparanaense.com\/index.php?rest_route=\/wp\/v2\/media\/2376"}],"wp:attachment":[{"href":"https:\/\/diarioparanaense.com\/index.php?rest_route=%2Fwp%2Fv2%2Fmedia&parent=2375"}],"wp:term":[{"taxonomy":"category","embeddable":true,"href":"https:\/\/diarioparanaense.com\/index.php?rest_route=%2Fwp%2Fv2%2Fcategories&post=2375"},{"taxonomy":"post_tag","embeddable":true,"href":"https:\/\/diarioparanaense.com\/index.php?rest_route=%2Fwp%2Fv2%2Ftags&post=2375"}],"curies":[{"name":"wp","href":"https:\/\/api.w.org\/{rel}","templated":true}]}}