{"id":2371,"date":"2024-03-25T13:33:36","date_gmt":"2024-03-25T16:33:36","guid":{"rendered":"https:\/\/diarioparanaense.com\/?p=2371"},"modified":"2024-03-25T13:34:02","modified_gmt":"2024-03-25T16:34:02","slug":"cedivida-realiza-formatura-de-turma-do-encontro-regular","status":"publish","type":"post","link":"https:\/\/diarioparanaense.com\/?p=2371","title":{"rendered":"CEDIVIDA realiza formatura de turma do Encontro Regular"},"content":{"rendered":"\n<p class=\"has-medium-font-size\">Dez formandos est\u00e3o presentes desde o in\u00edcio do programa. Cerim\u00f4nia ser\u00e1 na pr\u00f3xima quarta-feira, no audit\u00f3rio do CEDIVIDA<\/p>\n\n\n\n<p>A primeira turma do Encontro Regular do Centro de Direitos \u00e0 Vida da Pessoa Idosa (CEDIVIDA), programa da Associa\u00e7\u00e3o dos Amigos do HC, vai se formar! Presentes desde a cria\u00e7\u00e3o do programa, h\u00e1 14 meses, os dez formandos assistiram e presenciaram o crescimento do CEDIVIDA, que inaugurou sua sede em 2023, no Alto da Gl\u00f3ria, em Curitiba.<\/p>\n\n\n\n<p>A cerim\u00f4nia de formatura ser\u00e1 realizada na pr\u00f3xima quarta-feira (27), \u00e0s 18h, no audit\u00f3rio do CEDIVIDA. S\u00e3o 10 formandos e seus convidados, com a participa\u00e7\u00e3o do presidente dos Amigos do HC, Domingos Murta, do superintendente, Edelcio Jacomassi, e da diretoria da associa\u00e7\u00e3o. O evento ter\u00e1 cerim\u00f4nia de cola\u00e7\u00e3o de grau, seguida de coquetel e baile de encerramento.<\/p>\n\n\n\n<p>A condu\u00e7\u00e3o do cerimonial ser\u00e1 feita pela pedagoga do CEDIVIDA, Karine Cassilha Tomczak, junto com a respons\u00e1vel t\u00e9cnica, Monique de Lazari Betenheuser, e da coordenadora, Idalina Goslen Pauliv Cunha.<\/p>\n\n\n\n<p>\u201cA iniciativa promove a oportunidade para alguns dos participantes 50+ de terem a experi\u00eancia de uma formatura com tudo que uma solenidade como esta tem direito. Eles usar\u00e3o beca, chap\u00e9u e canudo, disponibilizados pela parceria com a Polyndia, que vai emprestar os paramentos sem qualquer custo\u201d, explica Domingos Murta.<\/p>\n\n\n\n<p class=\"has-medium-font-size\">Sobre o Encontro Regular<\/p>\n\n\n\n<p>O Encontro Regular trata-se de ciclos de encontros organizados e estruturados pela Normativa da Assist\u00eancia Social, na Tipifica\u00e7\u00e3o de Servi\u00e7os Socioassistenciais do Servi\u00e7o de Conviv\u00eancia e Fortalecimento de V\u00ednculos. O objetivo \u00e9 trabalhar temas envolvendo a pessoa idosa, visando a sua autonomia, seu protagonismo e o seu acesso aos direitos. Dentro do CEDIVIDA, o Encontro Regular recebeu o nome de \u201cEnvelhecer\u201d, sendo realizado ao longo de 14 meses.<\/p>\n\n\n\n<p class=\"has-medium-font-size\">Servi\u00e7o:<\/p>\n\n\n\n<p><strong>Formatura do CEDIVIDA<br>Nome<\/strong>: Encontro Regular<br><strong>Data<\/strong>: 27 de mar\u00e7o<br><strong>Hor\u00e1rio<\/strong>: \u00e0s 18h<br><strong>Local<\/strong>: audit\u00f3rio CEDIVIDA<br><strong>Endere\u00e7o<\/strong>: Av. Agostinho Le\u00e3o Jr., 320 &#8211;\u00a0Alto\u00a0da\u00a0Gl\u00f3ria<\/p>\n","protected":false},"excerpt":{"rendered":"<p>Dez formandos est\u00e3o presentes desde o in\u00edcio do programa. Cerim\u00f4nia ser\u00e1 na pr\u00f3xima quarta-feira, no audit\u00f3rio do CEDIVIDA A primeira turma do Encontro Regular do Centro de Direitos \u00e0 Vida da Pessoa Idosa (CEDIVIDA), programa da Associa\u00e7\u00e3o dos Amigos do HC, vai se formar! Presentes desde a cria\u00e7\u00e3o do programa, h\u00e1 14 meses, os dez [&hellip;]<\/p>\n","protected":false},"author":1,"featured_media":2372,"comment_status":"open","ping_status":"open","sticky":false,"template":"","format":"standard","meta":{"footnotes":""},"categories":[186],"tags":[],"class_list":["post-2371","post","type-post","status-publish","format-standard","has-post-thumbnail","hentry","category-eventos"],"_links":{"self":[{"href":"https:\/\/diarioparanaense.com\/index.php?rest_route=\/wp\/v2\/posts\/2371","targetHints":{"allow":["GET"]}}],"collection":[{"href":"https:\/\/diarioparanaense.com\/index.php?rest_route=\/wp\/v2\/posts"}],"about":[{"href":"https:\/\/diarioparanaense.com\/index.php?rest_route=\/wp\/v2\/types\/post"}],"author":[{"embeddable":true,"href":"https:\/\/diarioparanaense.com\/index.php?rest_route=\/wp\/v2\/users\/1"}],"replies":[{"embeddable":true,"href":"https:\/\/diarioparanaense.com\/index.php?rest_route=%2Fwp%2Fv2%2Fcomments&post=2371"}],"version-history":[{"count":1,"href":"https:\/\/diarioparanaense.com\/index.php?rest_route=\/wp\/v2\/posts\/2371\/revisions"}],"predecessor-version":[{"id":2373,"href":"https:\/\/diarioparanaense.com\/index.php?rest_route=\/wp\/v2\/posts\/2371\/revisions\/2373"}],"wp:featuredmedia":[{"embeddable":true,"href":"https:\/\/diarioparanaense.com\/index.php?rest_route=\/wp\/v2\/media\/2372"}],"wp:attachment":[{"href":"https:\/\/diarioparanaense.com\/index.php?rest_route=%2Fwp%2Fv2%2Fmedia&parent=2371"}],"wp:term":[{"taxonomy":"category","embeddable":true,"href":"https:\/\/diarioparanaense.com\/index.php?rest_route=%2Fwp%2Fv2%2Fcategories&post=2371"},{"taxonomy":"post_tag","embeddable":true,"href":"https:\/\/diarioparanaense.com\/index.php?rest_route=%2Fwp%2Fv2%2Ftags&post=2371"}],"curies":[{"name":"wp","href":"https:\/\/api.w.org\/{rel}","templated":true}]}}