{"id":2365,"date":"2024-03-21T08:39:52","date_gmt":"2024-03-21T11:39:52","guid":{"rendered":"https:\/\/diarioparanaense.com\/?p=2365"},"modified":"2024-03-21T08:39:53","modified_gmt":"2024-03-21T11:39:53","slug":"revivendo-a-era-de-ouro-bar-invasao-do-teatro-e-o-novo-epicentro-do-rock-em-curitiba","status":"publish","type":"post","link":"https:\/\/diarioparanaense.com\/?p=2365","title":{"rendered":"Revivendo a Era de Ouro, Bar Invas\u00e3o do Teatro \u00e9 o Novo Epicentro do Rock em Curitiba"},"content":{"rendered":"\n<p class=\"has-medium-font-size\"><em>Inaugura\u00e7\u00e3o acontece nesta sexta-feira em ponto estrat\u00e9gico no Centro onde o passado se encontra com o presente para celebrar a ess\u00eancia do Rock N&#8217; Roll.<\/em><strong><\/strong><\/p>\n\n\n\n<p><strong><em>Por Emanuelle Spack<\/em><\/strong><\/p>\n\n\n\n<p>Os amantes do bom e velho Rock N&#8217; Roll ganham um novo ponto de encontro na cidade com a inaugura\u00e7\u00e3o do Bar <a href=\"https:\/\/www.instagram.com\/invasaodoteatro\/\">Invas\u00e3o do Teatro<\/a> marcada para esta sexta-feira, \u00e0s 18 horas, no antigo endere\u00e7o do lend\u00e1rio Caf\u00e9 do Teatro. Com entrada franca e uma localiza\u00e7\u00e3o estrat\u00e9gica no cora\u00e7\u00e3o do circuito bo\u00eamio de Curitiba, este novo espa\u00e7o promete levar os clientes a uma viagem nost\u00e1lgica pelas d\u00e9cadas douradas do rock.<\/p>\n\n\n\n<p>Curitiba est\u00e1 prestes a ser reconhecida como a capital do Rock N&#8217; Roll no Brasil, e o Bar Invas\u00e3o do Teatro certamente contribuir\u00e1 para isso. Al\u00e9m de oferecer uma experi\u00eancia \u00fanica, o rock impulsiona a economia local e proporciona \u00f3timas oportunidades de neg\u00f3cio para os empres\u00e1rios do setor. Os s\u00f3cios Andr\u00e9 Bittencourt, C\u00e9sar Weis e Yuri Pinheiro est\u00e3o revivendo um ponto de encontro querido do universo noturno, trazendo de volta a ess\u00eancia dos anos 50, com um nome que homenageia o teatro e destaca a <em>vibe<\/em> alternativa e roqueira da casa.<em> \u201cO Caf\u00e9 do Teatro fechou durante a pandemia e reabriu em outro endere\u00e7o, mas a tradicional casa dos anos 50 ainda chama muita aten\u00e7\u00e3o dos vizinhos por sua longa trajet\u00f3ria. Dessa forma, para homenagear essa hist\u00f3ria decidimos escolher um nome que remetesse ao teatro, ao mesmo tempo destacando a decora\u00e7\u00e3o r\u00fastica, a vibe alternativa e o rock\u201d,<\/em>&nbsp;explica C\u00e9sar.<\/p>\n\n\n\n<p>Desde a decora\u00e7\u00e3o at\u00e9 a atmosfera, cada detalhe foi cuidadosamente planejado para capturar a energia do rock em um ambiente que j\u00e1 foi frequentado pela elite cultural da cidade. Com shows ao vivo e um amplo espa\u00e7o de \u00e1rea externa, o Bar Invas\u00e3o do Teatro promete proporcionar momentos inesquec\u00edveis aos amantes do rock cl\u00e1ssico. Como destaca Yuri, reabrir um ponto conhecido como esse resgata a ess\u00eancia da vida noturna central, oferecendo op\u00e7\u00f5es \u00fanicas para os entusiastas do g\u00eanero, pois <em>\u201co espa\u00e7o vai contar com o som do bom e velho Rock N&#8217; Roll de domingo a domingo, com shows ao vivo e muita descontra\u00e7\u00e3o.\u201d<\/em><\/p>\n\n\n\n<p>Mais do que um simples bar, o Invas\u00e3o do Teatro busca criar uma experi\u00eancia imersiva para os amantes do rock cl\u00e1ssico. Com uma variedade de drinks e o Chopp Patanegra como carro chefe, o local convida todos a mergulharem na hist\u00f3ria de Curitiba, relaxarem ao som do bom e velho Rock N&#8217; Roll e descobrirem juntos a magia da Invas\u00e3o do Teatro. <em>\u201cVenham se juntar a n\u00f3s nesta celebra\u00e7\u00e3o da m\u00fasica, da cultura e da paix\u00e3o pelo rock em um ambiente acolhedor e aut\u00eantico. Estamos ansiosos para receb\u00ea-los nesta jornada \u00e9pica!\u201d<\/em> convida Andr\u00e9.<\/p>\n\n\n\n<p class=\"has-medium-font-size\"><strong>Sobre o Bar Invas\u00e3o do Teatro<\/strong><\/p>\n\n\n\n<p>O Bar Invas\u00e3o do Teatro \u00e9 um novo estabelecimento em Curitiba dedicado \u00e0 celebra\u00e7\u00e3o do rock cl\u00e1ssico. Com uma decora\u00e7\u00e3o aut\u00eantica e uma atmosfera envolvente, o bar oferece uma experi\u00eancia imersiva para os amantes do g\u00eanero. Com uma sele\u00e7\u00e3o de bebidas de alta qualidade e uma programa\u00e7\u00e3o musical diversificada, o Bar Invas\u00e3o do Teatro promete se tornar um ponto de refer\u00eancia para os f\u00e3s de rock em toda a regi\u00e3o, funcionando de domingo a domingo, das 11h:00 \u00e0s 23h:59, com entrada franca.<\/p>\n\n\n\n<p class=\"has-medium-font-size\"><strong>Servi\u00e7o<\/strong><strong><\/strong><\/p>\n\n\n\n<p>\ud83c\udf7a <strong>Inaugura\u00e7\u00e3o do Bar Invas\u00e3o do Teatro<\/strong><\/p>\n\n\n\n<p>\ud83e\udded<strong>Endere\u00e7o:<\/strong>&nbsp;Rua Amintas de Barros, 154 &#8211; Centro &#8211; Curitiba.&nbsp;<\/p>\n\n\n\n<p>\ud83c\udfab<strong>Entrada:<\/strong>&nbsp;Franca<\/p>\n\n\n\n<p>\ud83d\udcc5<strong>Datas de inaugura\u00e7\u00e3o: <\/strong>22 de mar\u00e7o \u2013 Sexta-feira.<\/p>\n\n\n\n<p>\ud83d\udd5b<strong>Hor\u00e1rio:<\/strong> A partir das 18h:00<\/p>\n\n\n\n<p><strong><\/strong>&nbsp;<strong>&nbsp;<\/strong><a href=\"https:\/\/www.instagram.com\/invasaodoteatro\/\"><strong>@invasaodoteatro<\/strong><\/a>&nbsp;<\/p>\n","protected":false},"excerpt":{"rendered":"<p>Inaugura\u00e7\u00e3o acontece nesta sexta-feira em ponto estrat\u00e9gico no Centro onde o passado se encontra com o presente para celebrar a ess\u00eancia do Rock N&#8217; Roll. Por Emanuelle Spack Os amantes do bom e velho Rock N&#8217; Roll ganham um novo ponto de encontro na cidade com a inaugura\u00e7\u00e3o do Bar Invas\u00e3o do Teatro marcada para [&hellip;]<\/p>\n","protected":false},"author":1,"featured_media":2366,"comment_status":"open","ping_status":"open","sticky":false,"template":"","format":"standard","meta":{"footnotes":""},"categories":[424],"tags":[],"class_list":["post-2365","post","type-post","status-publish","format-standard","has-post-thumbnail","hentry","category-curitiba"],"_links":{"self":[{"href":"https:\/\/diarioparanaense.com\/index.php?rest_route=\/wp\/v2\/posts\/2365","targetHints":{"allow":["GET"]}}],"collection":[{"href":"https:\/\/diarioparanaense.com\/index.php?rest_route=\/wp\/v2\/posts"}],"about":[{"href":"https:\/\/diarioparanaense.com\/index.php?rest_route=\/wp\/v2\/types\/post"}],"author":[{"embeddable":true,"href":"https:\/\/diarioparanaense.com\/index.php?rest_route=\/wp\/v2\/users\/1"}],"replies":[{"embeddable":true,"href":"https:\/\/diarioparanaense.com\/index.php?rest_route=%2Fwp%2Fv2%2Fcomments&post=2365"}],"version-history":[{"count":1,"href":"https:\/\/diarioparanaense.com\/index.php?rest_route=\/wp\/v2\/posts\/2365\/revisions"}],"predecessor-version":[{"id":2367,"href":"https:\/\/diarioparanaense.com\/index.php?rest_route=\/wp\/v2\/posts\/2365\/revisions\/2367"}],"wp:featuredmedia":[{"embeddable":true,"href":"https:\/\/diarioparanaense.com\/index.php?rest_route=\/wp\/v2\/media\/2366"}],"wp:attachment":[{"href":"https:\/\/diarioparanaense.com\/index.php?rest_route=%2Fwp%2Fv2%2Fmedia&parent=2365"}],"wp:term":[{"taxonomy":"category","embeddable":true,"href":"https:\/\/diarioparanaense.com\/index.php?rest_route=%2Fwp%2Fv2%2Fcategories&post=2365"},{"taxonomy":"post_tag","embeddable":true,"href":"https:\/\/diarioparanaense.com\/index.php?rest_route=%2Fwp%2Fv2%2Ftags&post=2365"}],"curies":[{"name":"wp","href":"https:\/\/api.w.org\/{rel}","templated":true}]}}