{"id":2362,"date":"2024-03-20T15:41:01","date_gmt":"2024-03-20T18:41:01","guid":{"rendered":"https:\/\/diarioparanaense.com\/?p=2362"},"modified":"2024-03-20T15:41:01","modified_gmt":"2024-03-20T18:41:01","slug":"expectativas-para-o-mercado-de-transicao-de-cuidados-em-2024","status":"publish","type":"post","link":"https:\/\/diarioparanaense.com\/?p=2362","title":{"rendered":"Expectativas para o mercado de Transi\u00e7\u00e3o de Cuidados em 2024"},"content":{"rendered":"\n<p class=\"has-medium-font-size\"><em>*Peer Buergin e Rodrigo Rodrigues<\/em><\/p>\n\n\n\n<p>O mercado de Transi\u00e7\u00e3o de Cuidados tem se mostrado cada vez mais relevante e promissor, uma vez que traz um olhar inovador para a sa\u00fade e o bem-estar dos pacientes, assim como para os segmentos da cadeia de servi\u00e7os.<\/p>\n\n\n\n<p>Apesar do crescimento significativo nos \u00faltimos anos, ainda h\u00e1 o desafio de promover este conceito no sistema de sa\u00fade. O mercado brasileiro \u00e9 considerado incipiente, uma vez que as primeiras unidades come\u00e7aram a surgir por volta do ano 2000. Ao comparar com pa\u00edses e continentes mais desenvolvidos, como os Estados Unidos e a Europa, a abordagem \u00e9 muito nova. O fato \u00e9 que h\u00e1 um grande potencial de expans\u00e3o.<\/p>\n\n\n\n<p>Aqui vale uma importante an\u00e1lise. Tanto nos Estados Unidos quanto na Europa os hospitais de Transi\u00e7\u00e3o de Cuidados s\u00e3o conhecidos por oferecer cuidados p\u00f3s-agudos ou \u201cpost-acute care\u201d, que incluem servi\u00e7os de reabilita\u00e7\u00e3o ap\u00f3s a estadia em hospitais gerais ou de cuidados intensivos, al\u00e9m de terapias ambulatoriais ou cuidados prestados em casa. Como o sistema de sa\u00fade nessas duas localidades s\u00e3o totalmente distintos do brasileiro, n\u00e3o \u00e9 poss\u00edvel comparar numericamente, mas podemos afirmar a sua import\u00e2ncia. &nbsp;&nbsp;&nbsp;<\/p>\n\n\n\n<p>Segundo a Abrahct, Associa\u00e7\u00e3o Brasileira de Hospitais e Cl\u00ednicas de Transi\u00e7\u00e3o (2021), em pa\u00edses como Alemanha e Canad\u00e1, os sistemas de sa\u00fade possuem mais de 200 leitos de transi\u00e7\u00e3o para cada 1.000 leitos de cuidados agudos, e nos Estados Unidos h\u00e1 uma propor\u00e7\u00e3o de 1.800 leitos de transi\u00e7\u00e3o para cada 1.000 leitos de cuidados agudos. J\u00e1 no Brasil, o n\u00famero \u00e9 de 14 leitos de transi\u00e7\u00e3o para 1.000 de cuidados agudos.<\/p>\n\n\n\n<p class=\"has-medium-font-size\"><strong>Ainda falta disseminar o conceito no mercado<\/strong><strong><\/strong><\/p>\n\n\n\n<p>O conceito de Transi\u00e7\u00e3o de Cuidados est\u00e1 inserido no sistema de sa\u00fade (preven\u00e7\u00e3o terci\u00e1ria), no qual o paciente recebe tratamento para o quadro agudo e o retorno ao lar. A recomenda\u00e7\u00e3o para esse tipo de hospital fica por conta de pacientes que precisam diminuir sua complexidade cl\u00ednica, mas ainda necessitam de cuidados especializados e reabilita\u00e7\u00e3o antes de poderem retornar para suas casas.<\/p>\n\n\n\n<p>Cada vez mais o modelo de Transi\u00e7\u00e3o de Cuidados se faz necess\u00e1rio, uma vez que trabalha inserido no sistema de sa\u00fade, atendendo pacientes em processo de reabilita\u00e7\u00e3o, geralmente ap\u00f3s uma interna\u00e7\u00e3o hospitalar por doen\u00e7as agudas ou cirurgias, al\u00e9m de cuidados paliativos, cuidados continuados e finitude.<\/p>\n\n\n\n<p>Vale destacar que \u00e9 fundamental, no curto e m\u00e9dio prazo, disseminar esse conceito de abordagem ao mercado sobre os benef\u00edcios da Transi\u00e7\u00e3o de Cuidados. Inclusive, a fam\u00edlia, as operadoras de sa\u00fade e os m\u00e9dicos t\u00eam um importante papel neste sentido.<\/p>\n\n\n\n<p>Os hospitais de Transi\u00e7\u00e3o de Cuidados tamb\u00e9m seguem as dimens\u00f5es do Institute of Medicine (IOM), que s\u00e3o assist\u00eancia focada no paciente; prover assist\u00eancia no tempo adequado; efici\u00eancia; equidade; efetividade; e seguran\u00e7a do paciente. E, ainda, os princ\u00edpios do cuidado centrado no paciente: Respeito pelos valores, prefer\u00eancias e necessidades dos pacientes; coordena\u00e7\u00e3o e integra\u00e7\u00e3o do cuidado; informa\u00e7\u00e3o e educa\u00e7\u00e3o; conforto f\u00edsico; aux\u00edlio emocional e al\u00edvio do medo e ansiedade; envolvimento de familiares e amigos; continuidade e transa\u00e7\u00e3o; e acesso ao cuidado. Afinal, o servi\u00e7o contribui, de fato, para a melhora do desfecho dos pacientes e reduz os custos da sa\u00fade.<\/p>\n\n\n\n<p>Outra quest\u00e3o importante \u00e9 o fato da previsibilidade da conta, com uma di\u00e1ria global que inclui a maioria dos servi\u00e7os e produtos necess\u00e1rios, o que proporciona uma maior transpar\u00eancia financeira para a fonte pagadora, seja ela o plano de sa\u00fade ou os pacientes e suas fam\u00edlias. Al\u00e9m disso, o tempo de perman\u00eancia do paciente na institui\u00e7\u00e3o \u00e9 definido, e o objetivo final \u00e9 a alta e o retorno para casa.<\/p>\n\n\n\n<p>Para o futuro, a expectativa \u00e9 que o mercado de transi\u00e7\u00e3o de cuidados continue crescendo e se consolidando. Percebemos que o setor est\u00e1 empenhado em divulgar o conceito e expandir suas opera\u00e7\u00f5es com um crescimento da ordem de 15%, em todo o pa\u00eds.<\/p>\n\n\n\n<p>Com a chegada de novas unidades de transi\u00e7\u00e3o e amplia\u00e7\u00e3o de outras j\u00e1 existentes, o mercado se torna bastante promissor.<\/p>\n\n\n\n<p>&nbsp;<em>*Peer Buergin, CEO da YUNA, e Rodrigo Rodrigues, Diretor de Relacionamentos da institui\u00e7\u00e3o especializada em reabilita\u00e7\u00e3o e transi\u00e7\u00e3o de cuidados paliativos e continuados<\/em><\/p>\n","protected":false},"excerpt":{"rendered":"<p>*Peer Buergin e Rodrigo Rodrigues O mercado de Transi\u00e7\u00e3o de Cuidados tem se mostrado cada vez mais relevante e promissor, uma vez que traz um olhar inovador para a sa\u00fade e o bem-estar dos pacientes, assim como para os segmentos da cadeia de servi\u00e7os. Apesar do crescimento significativo nos \u00faltimos anos, ainda h\u00e1 o desafio [&hellip;]<\/p>\n","protected":false},"author":1,"featured_media":2363,"comment_status":"open","ping_status":"open","sticky":false,"template":"","format":"standard","meta":{"footnotes":""},"categories":[29],"tags":[],"class_list":["post-2362","post","type-post","status-publish","format-standard","has-post-thumbnail","hentry","category-artigos"],"_links":{"self":[{"href":"https:\/\/diarioparanaense.com\/index.php?rest_route=\/wp\/v2\/posts\/2362","targetHints":{"allow":["GET"]}}],"collection":[{"href":"https:\/\/diarioparanaense.com\/index.php?rest_route=\/wp\/v2\/posts"}],"about":[{"href":"https:\/\/diarioparanaense.com\/index.php?rest_route=\/wp\/v2\/types\/post"}],"author":[{"embeddable":true,"href":"https:\/\/diarioparanaense.com\/index.php?rest_route=\/wp\/v2\/users\/1"}],"replies":[{"embeddable":true,"href":"https:\/\/diarioparanaense.com\/index.php?rest_route=%2Fwp%2Fv2%2Fcomments&post=2362"}],"version-history":[{"count":1,"href":"https:\/\/diarioparanaense.com\/index.php?rest_route=\/wp\/v2\/posts\/2362\/revisions"}],"predecessor-version":[{"id":2364,"href":"https:\/\/diarioparanaense.com\/index.php?rest_route=\/wp\/v2\/posts\/2362\/revisions\/2364"}],"wp:featuredmedia":[{"embeddable":true,"href":"https:\/\/diarioparanaense.com\/index.php?rest_route=\/wp\/v2\/media\/2363"}],"wp:attachment":[{"href":"https:\/\/diarioparanaense.com\/index.php?rest_route=%2Fwp%2Fv2%2Fmedia&parent=2362"}],"wp:term":[{"taxonomy":"category","embeddable":true,"href":"https:\/\/diarioparanaense.com\/index.php?rest_route=%2Fwp%2Fv2%2Fcategories&post=2362"},{"taxonomy":"post_tag","embeddable":true,"href":"https:\/\/diarioparanaense.com\/index.php?rest_route=%2Fwp%2Fv2%2Ftags&post=2362"}],"curies":[{"name":"wp","href":"https:\/\/api.w.org\/{rel}","templated":true}]}}