{"id":2359,"date":"2024-03-20T12:55:37","date_gmt":"2024-03-20T15:55:37","guid":{"rendered":"https:\/\/diarioparanaense.com\/?p=2359"},"modified":"2024-03-20T12:55:38","modified_gmt":"2024-03-20T15:55:38","slug":"centenario-de-poty-lazzarotto-recebe-homenagem-do-clube-curitibano","status":"publish","type":"post","link":"https:\/\/diarioparanaense.com\/?p=2359","title":{"rendered":"Centen\u00e1rio de Poty Lazzarotto recebe homenagem do Clube Curitibano"},"content":{"rendered":"\n<p class=\"has-medium-font-size\">Sede Bar\u00e3o do Serro Azul oferece semana de programa\u00e7\u00e3o inspirada na hist\u00f3ria e na t\u00e9cnica do artista<\/p>\n\n\n\n<p>No ano centen\u00e1rio de nascimento de Poty Lazzarotto, o Clube Curitibano ir\u00e1 promover uma semana dedicada ao desenhista, gravurista e muralista. Entre os dias 25 a 30 de mar\u00e7o, a Sede Bar\u00e3o do Serro Azul contar\u00e1 com uma s\u00e9rie de atividades que valorizam a contribui\u00e7\u00e3o de Lazzarotto \u00e0 arte brasileira.<\/p>\n\n\n\n<p>A iniciativa \u00e9 promovida pelo Departamento de Cultura do clube e busca reafirmar na mem\u00f3ria dos curitibanos o legado do artista. A programa\u00e7\u00e3o inclui uma linha do tempo, a indica\u00e7\u00e3o de livros, o empr\u00e9stimo do document\u00e1rio na videoteca da sede e atividades tem\u00e1ticas sobre Lazzarotto na Escola de Artes e no Clubinho, espa\u00e7o voltado ao cuidado criativo e ao desenvolvimento das crian\u00e7as.<\/p>\n\n\n\n<p class=\"has-medium-font-size\">Rela\u00e7\u00e3o entre o clube e o artista<\/p>\n\n\n\n<p>Ao longo dos anos, o Clube Curitibano abrigou e preservou algumas das obras de Poty Lazzarotto. Foi em 1982 que a trajet\u00f3ria do artista e da institui\u00e7\u00e3o se entrela\u00e7aram, quando, em comemora\u00e7\u00e3o ao centen\u00e1rio do clube, durante a gest\u00e3o de Nicolau Elias Abagge, foi realizada a encomenda do monumento \u201cGralha Azul\u201d, disposta na frente da Sede Bar\u00e3o.<\/p>\n\n\n\n<p>\u201c\u00c9 inspirador chegar ao Clube e se deparar com obras como a \u2018Gralha Azul\u2019, o \u2018Mural Redondo\u2019, entre outras. A habilidade \u00fanica de Poty em capturar a ess\u00eancia de Curitiba e da institui\u00e7\u00e3o sempre foi impressionante. Por isso, a a\u00e7\u00e3o celebra o legado do artista e oferece aos associados uma imers\u00e3o na hist\u00f3ria\u201d, explica o presidente do Clube Curitibano, Paulo Roberto Oliveira.<\/p>\n\n\n\n<p class=\"has-medium-font-size\">Confira a programa\u00e7\u00e3o<\/p>\n\n\n\n<p>A partir do dia 25 de mar\u00e7o &#8211; In\u00edcio da linha do tempo no Hall do Teatro: &#8220;Homenagem ao Centen\u00e1rio de Poty Lazzarotto&#8221;;<\/p>\n\n\n\n<p><strong>25 a 28 de mar\u00e7o &#8211;<br>Biblioteca<\/strong>: disponibiliza\u00e7\u00e3o de livros sobre o artista e temas semelhantes;<br><strong>Videoteca<\/strong>: Dispon\u00edvel para empr\u00e9stimo o document\u00e1rio \u201cVag\u00e3o do Armist\u00edcio\u201d de Paulo Koehler;<br><strong>Clubinho<\/strong>: Atividade tem\u00e1tica &#8220;Quem \u00e9 Poty Lazzarotto?&#8221;;<\/p>\n\n\n\n<p><strong>30 de mar\u00e7o<\/strong> &#8211; Viva!: Atividade tem\u00e1tica &#8220;Descobrindo Poty Lazzarotto&#8221; &#8211; criando seu pr\u00f3prio azulejo a partir dos s\u00edmbolos\u00a0de\u00a0Curitiba.<\/p>\n","protected":false},"excerpt":{"rendered":"<p>Sede Bar\u00e3o do Serro Azul oferece semana de programa\u00e7\u00e3o inspirada na hist\u00f3ria e na t\u00e9cnica do artista No ano centen\u00e1rio de nascimento de Poty Lazzarotto, o Clube Curitibano ir\u00e1 promover uma semana dedicada ao desenhista, gravurista e muralista. Entre os dias 25 a 30 de mar\u00e7o, a Sede Bar\u00e3o do Serro Azul contar\u00e1 com uma [&hellip;]<\/p>\n","protected":false},"author":1,"featured_media":2360,"comment_status":"open","ping_status":"open","sticky":false,"template":"","format":"standard","meta":{"footnotes":""},"categories":[424],"tags":[],"class_list":["post-2359","post","type-post","status-publish","format-standard","has-post-thumbnail","hentry","category-curitiba"],"_links":{"self":[{"href":"https:\/\/diarioparanaense.com\/index.php?rest_route=\/wp\/v2\/posts\/2359","targetHints":{"allow":["GET"]}}],"collection":[{"href":"https:\/\/diarioparanaense.com\/index.php?rest_route=\/wp\/v2\/posts"}],"about":[{"href":"https:\/\/diarioparanaense.com\/index.php?rest_route=\/wp\/v2\/types\/post"}],"author":[{"embeddable":true,"href":"https:\/\/diarioparanaense.com\/index.php?rest_route=\/wp\/v2\/users\/1"}],"replies":[{"embeddable":true,"href":"https:\/\/diarioparanaense.com\/index.php?rest_route=%2Fwp%2Fv2%2Fcomments&post=2359"}],"version-history":[{"count":1,"href":"https:\/\/diarioparanaense.com\/index.php?rest_route=\/wp\/v2\/posts\/2359\/revisions"}],"predecessor-version":[{"id":2361,"href":"https:\/\/diarioparanaense.com\/index.php?rest_route=\/wp\/v2\/posts\/2359\/revisions\/2361"}],"wp:featuredmedia":[{"embeddable":true,"href":"https:\/\/diarioparanaense.com\/index.php?rest_route=\/wp\/v2\/media\/2360"}],"wp:attachment":[{"href":"https:\/\/diarioparanaense.com\/index.php?rest_route=%2Fwp%2Fv2%2Fmedia&parent=2359"}],"wp:term":[{"taxonomy":"category","embeddable":true,"href":"https:\/\/diarioparanaense.com\/index.php?rest_route=%2Fwp%2Fv2%2Fcategories&post=2359"},{"taxonomy":"post_tag","embeddable":true,"href":"https:\/\/diarioparanaense.com\/index.php?rest_route=%2Fwp%2Fv2%2Ftags&post=2359"}],"curies":[{"name":"wp","href":"https:\/\/api.w.org\/{rel}","templated":true}]}}