{"id":2349,"date":"2024-03-15T15:35:23","date_gmt":"2024-03-15T18:35:23","guid":{"rendered":"https:\/\/diarioparanaense.com\/?p=2349"},"modified":"2024-03-15T15:35:23","modified_gmt":"2024-03-15T18:35:23","slug":"papapa-inaugura-sua-1a-loja-fisica-em-curitiba","status":"publish","type":"post","link":"https:\/\/diarioparanaense.com\/?p=2349","title":{"rendered":"Papap\u00e1 inaugura sua 1\u00aa loja f\u00edsica em Curitiba"},"content":{"rendered":"\n<p class=\"has-medium-font-size\">A loja, situada na Casa Prudente, oferece um mix de produtos saud\u00e1veis destinados para os beb\u00eas<\/p>\n\n\n\n<p>A Papap\u00e1, empresa especializada em alimentos naturais, com op\u00e7\u00f5es org\u00e2nicas e pr\u00e1ticas para beb\u00eas e crian\u00e7as, inaugura sua primeira loja f\u00edsica em Curitiba, mais precisamente na Casa Prudente, situada na Alameda Prudente de Moraes, N\u00ba 404, na esquina com a Padre Agostinho. Esta inaugura\u00e7\u00e3o, marcada para o s\u00e1bado, 16 de mar\u00e7o, representa um momento significativo para a empresa, que busca estreitar os la\u00e7os com seus consumidores e proporcionar uma experi\u00eancia presencial enriquecedora.<\/p>\n\n\n\n<p>Leonardo Afonso, CEO da Papap\u00e1, destaca a motiva\u00e7\u00e3o por tr\u00e1s da decis\u00e3o de inaugurar a loja f\u00edsica: &#8220;Sempre tivemos vontade de ter uma loja. Quando participamos da feira Naturaltech em S\u00e3o Paulo, percebemos o qu\u00e3o rica \u00e9 a experi\u00eancia de a marca se relacionar diretamente e presencialmente com seu consumidor. Essa oportunidade se tornou vi\u00e1vel agora devido \u00e0 variedade de produtos que oferecemos e \u00e0 cria\u00e7\u00e3o da Casa Prudente, um espa\u00e7o multifuncional voltado para a experi\u00eancia familiar. Neste espa\u00e7o, diversas marcas curitibanas associadas ao perfil de compras da Papap\u00e1, representadas pelas m\u00e3es e pais, se re\u00fanem para proporcionar uma viv\u00eancia completa.&#8221;<\/p>\n\n\n\n<p>Essa tend\u00eancia crescente do &#8220;phygital&#8221; tem se materializado no mercado atual, com marcas adotando esse conceito atrav\u00e9s da abertura de lojas f\u00edsicas, inclusive em shoppings. Esse fen\u00f4meno, que combina elementos f\u00edsicos e digitais, est\u00e1 sendo cada vez mais explorado por empresas de todos os portes, sendo uma estrat\u00e9gia eficaz para criar experi\u00eancias envolventes que contribuem para a fideliza\u00e7\u00e3o dos clientes.<\/p>\n\n\n\n<p>Viviane Klimeika, idealizadora da Casa Prudente, compartilha sua expectativa com a chegada da Papap\u00e1, prevendo um acr\u00e9scimo valioso \u00e0 experi\u00eancia dos frequentadores. \u201cCom sua proposta de alimentos naturais e org\u00e2nicos, a Papap\u00e1 complementa perfeitamente a atmosfera acolhedora e familiar que buscamos proporcionar aqui na Casa Prudente. Estamos ansiosos para ver como essa parceria ir\u00e1 aprimorar a experi\u00eancia dos nossos visitantes, garantindo momentos memor\u00e1veis para todas as fam\u00edlias que nos prestigiam.\u201d<\/p>\n\n\n\n<p>A inaugura\u00e7\u00e3o da loja traz uma s\u00e9rie de expectativas para a Papap\u00e1. Segundo Leonardo, &#8220;esta primeira loja \u00e9 como um piloto, um laborat\u00f3rio. Nos proporcionar\u00e1 a chance de testar esse modelo em algumas frentes, como promover a marca por meio de eventos locais, oferecer atendimento direto aos consumidores para destacar os diferenciais de nossos produtos, al\u00e9m de facilitar a venda no e-commerce com retirada na loja ou mesmo com a realiza\u00e7\u00e3o de entregas via aplicativo, afirma o executivo.&#8221;<\/p>\n\n\n\n<p>Presente em mais de 6 mil pontos de vendas, a Papap\u00e1, renomada marca de alimentos naturais, com op\u00e7\u00f5es org\u00e2nicas e pr\u00e1ticas para beb\u00eas e crian\u00e7as, ganha um espa\u00e7o para expor todo seu portf\u00f3lio. Com cerca de 17 produtos, destacam-se os sucessos da marca, como Papinha Org\u00e2nica, Risotinho La Chef, Palitinho de Vegetais, PapaPasta, Biscoitinho para fase de denti\u00e7\u00e3o, Petit Cereal, Biscotti, entre outros.<\/p>\n\n\n\n<p>Com a crescente preocupa\u00e7\u00e3o dos consumidores em rela\u00e7\u00e3o \u00e0 qualidade e origem dos alimentos industrializados destinados aos produtos infantis, a Papap\u00e1 visualiza na abertura da loja f\u00edsica uma oportunidade de tirar d\u00favidas e conquistar a confian\u00e7a do p\u00fablico. Leonardo comenta: \u201cO contato direto com nossos clientes nos permite esclarecer d\u00favidas e desmistificar conceitos que surgem em torno desse tema. \u00c9 importante destacar que todos os nossos produtos s\u00e3o registrados pela ANVISA, garantindo qualidade e seguran\u00e7a alimentar para os pequenos. Quanto \u00e0 integra\u00e7\u00e3o entre a loja f\u00edsica e a online, nossa plataforma tecnol\u00f3gica j\u00e1 permite a sincroniza\u00e7\u00e3o do sistema da loja com os servi\u00e7os de entrega e do e-commerce&#8221;, declara o executivo.<\/p>\n\n\n\n<p class=\"has-medium-font-size\">Sobre o evento de inaugura\u00e7\u00e3o<\/p>\n\n\n\n<p>A 1\u00aa loja f\u00edsica da Papap\u00e1 ser\u00e1 inaugurada no dia 16 de mar\u00e7o, a partir das 10h00, com uma s\u00e9rie de atividades especiais. Incluindo degusta\u00e7\u00e3o dos produtos da marca, desconto de 10% em toda a loja e apresenta\u00e7\u00e3o da banda Tupi Perer\u00ea que promete animar e entreter os pequenos. O restaurante II Barbuto estar\u00e1 aberto para quem desejar almo\u00e7ar no local, e reservas podem ser feitas pelo telefone.<\/p>\n\n\n\n<p>Fam\u00edlias com beb\u00eas e crian\u00e7as s\u00e3o o p\u00fablico-alvo principal do evento, que promete ser uma celebra\u00e7\u00e3o memor\u00e1vel da chegada da Papap\u00e1 \u00e0 Casa Prudente.<\/p>\n\n\n\n<p><strong>Servi\u00e7o<\/strong><br><strong>Evento<\/strong>: Inaugura\u00e7\u00e3o loja f\u00edsica Papap\u00e1<br><strong>Local<\/strong>: Casa Prudente &#8211; Alameda Prudente de Moraes, 404 &#8211; Centro, Curitiba &#8211; PR, 80430-234<br><strong>Dia e hora<\/strong>: 16 de mar\u00e7o, a partir das 10h<br><strong>Discurso de inaugura\u00e7\u00e3o com Paula Afonso<\/strong>: 11h20 \u00e0s 11h30<br><strong>Pocket show com a banda Tupi Perer\u00ea:<\/strong> 11h30 \u00e0s 12h20<br><strong>Degusta\u00e7\u00e3o dos produtos da Papap\u00e1<\/strong>: Durante todo o dia<br><strong>Recrea\u00e7\u00e3o para os pequenos (a):<\/strong> Durante todo o dia<br>Para mais informa\u00e7\u00f5es sobre a inaugura\u00e7\u00e3o e futuras atividades da loja, os interessados podem acompanhar os perfis da Papap\u00e1 nas redes sociais ou mesmo acessar o site: https:\/\/loja.papapa.com.br<\/p>\n\n\n\n<p><strong>Sobre a Papap\u00e1<\/strong><br>A Papap\u00e1 \u00e9 uma marca de alimentos 100% naturais, pr\u00e1ticos e com op\u00e7\u00f5es org\u00e2nicas para beb\u00eas, criada para ser uma parceira dos pais em um dos momentos mais importantes da maternidade: a introdu\u00e7\u00e3o alimentar. A empresa foi fundada pelo casal Paula e Leonardo, ap\u00f3s vivenciarem a dificuldade de encontrar alimentos prontos que aliassem a praticidade com produtos saud\u00e1veis para ajudar na rotina di\u00e1ria com seus filhos pequenos. Presente em mais de 6 mil pontos de venda pelo Brasil, a Papap\u00e1 pretende em 2024 se consolidar como uma refer\u00eancia em um setor carente de boas novidades que atendam \u00e0s necessidades das mam\u00e3es\u00a0e\u00a0dos\u00a0papais.<\/p>\n","protected":false},"excerpt":{"rendered":"<p>A loja, situada na Casa Prudente, oferece um mix de produtos saud\u00e1veis destinados para os beb\u00eas A Papap\u00e1, empresa especializada em alimentos naturais, com op\u00e7\u00f5es org\u00e2nicas e pr\u00e1ticas para beb\u00eas e crian\u00e7as, inaugura sua primeira loja f\u00edsica em Curitiba, mais precisamente na Casa Prudente, situada na Alameda Prudente de Moraes, N\u00ba 404, na esquina com [&hellip;]<\/p>\n","protected":false},"author":1,"featured_media":2350,"comment_status":"open","ping_status":"open","sticky":false,"template":"","format":"standard","meta":{"footnotes":""},"categories":[424],"tags":[],"class_list":["post-2349","post","type-post","status-publish","format-standard","has-post-thumbnail","hentry","category-curitiba"],"_links":{"self":[{"href":"https:\/\/diarioparanaense.com\/index.php?rest_route=\/wp\/v2\/posts\/2349","targetHints":{"allow":["GET"]}}],"collection":[{"href":"https:\/\/diarioparanaense.com\/index.php?rest_route=\/wp\/v2\/posts"}],"about":[{"href":"https:\/\/diarioparanaense.com\/index.php?rest_route=\/wp\/v2\/types\/post"}],"author":[{"embeddable":true,"href":"https:\/\/diarioparanaense.com\/index.php?rest_route=\/wp\/v2\/users\/1"}],"replies":[{"embeddable":true,"href":"https:\/\/diarioparanaense.com\/index.php?rest_route=%2Fwp%2Fv2%2Fcomments&post=2349"}],"version-history":[{"count":1,"href":"https:\/\/diarioparanaense.com\/index.php?rest_route=\/wp\/v2\/posts\/2349\/revisions"}],"predecessor-version":[{"id":2351,"href":"https:\/\/diarioparanaense.com\/index.php?rest_route=\/wp\/v2\/posts\/2349\/revisions\/2351"}],"wp:featuredmedia":[{"embeddable":true,"href":"https:\/\/diarioparanaense.com\/index.php?rest_route=\/wp\/v2\/media\/2350"}],"wp:attachment":[{"href":"https:\/\/diarioparanaense.com\/index.php?rest_route=%2Fwp%2Fv2%2Fmedia&parent=2349"}],"wp:term":[{"taxonomy":"category","embeddable":true,"href":"https:\/\/diarioparanaense.com\/index.php?rest_route=%2Fwp%2Fv2%2Fcategories&post=2349"},{"taxonomy":"post_tag","embeddable":true,"href":"https:\/\/diarioparanaense.com\/index.php?rest_route=%2Fwp%2Fv2%2Ftags&post=2349"}],"curies":[{"name":"wp","href":"https:\/\/api.w.org\/{rel}","templated":true}]}}