{"id":2346,"date":"2024-03-15T14:51:18","date_gmt":"2024-03-15T17:51:18","guid":{"rendered":"https:\/\/diarioparanaense.com\/?p=2346"},"modified":"2024-03-15T14:51:18","modified_gmt":"2024-03-15T17:51:18","slug":"joao-gabriel-divulga-segundo-ep-do-projeto-2162-com-participacao-de-clayton-romario","status":"publish","type":"post","link":"https:\/\/diarioparanaense.com\/?p=2346","title":{"rendered":"Jo\u00e3o Gabriel divulga segundo EP do projeto \u201c2162\u201d, com participa\u00e7\u00e3o de Clayton &amp; Rom\u00e1rio"},"content":{"rendered":"\n<p class=\"has-medium-font-size\">Trabalho j\u00e1 est\u00e1 dispon\u00edvel em todas as plataformas digitais e conta com tr\u00eas faixas<\/p>\n\n\n\n<p>O cantor carioca Jo\u00e3o Gabriel divulgou nesta quinta-feira (14) o segundo volume do seu projeto audiovisual intitulado \u201c2162\u201d. Com colabora\u00e7\u00e3o de Clayton &amp; Rom\u00e1rio, o EP est\u00e1 dispon\u00edvel em todas as plataformas digitais.<\/p>\n\n\n\n<p>O trabalho conta com as faixas &#8220;Caminh\u00e3ozinho&#8221; (com a participa\u00e7\u00e3o de Clayton &amp; Rom\u00e1rio), &#8220;\u00c9 Oficial&#8221; e &#8220;Cama Frouxa&#8221;. Combinando a energia contagiante do Rio de Janeiro com as ra\u00edzes da m\u00fasica goiana, Jo\u00e3o Gabriel busca oferecer aos ouvintes uma experi\u00eancia musical \u00fanica e envolvente.<\/p>\n\n\n\n<p>\u201cCaminh\u00e3ozinho\u201d est\u00e1 sendo relan\u00e7ado e ser\u00e1 a faixa de trabalho dos pr\u00f3ximos meses, pois j\u00e1 conquistou milhares de ouvintes. \u201cEsta \u00e9 uma m\u00fasica que senti que ia ser um sucesso, ela \u00e9 daquelas que voc\u00ea escuta e quer seguir dando repeat, sabe?\u201d, comenta Jo\u00e3o Gabriel.<\/p>\n\n\n\n<p>O projeto foi gravado em Goi\u00e2nia em 2023 e produzido por Blener Maycom, renomado produtor do cen\u00e1rio sertanejo nacional. No total, o trabalho conta com 14 faixas in\u00e9ditas e participa\u00e7\u00f5es de peso, como Felipe Araujo, Icaro e Gilmar, Edy Brito e Samuel, Clayton e Romario, Vinni e Rafa e Mariana Fagundes.<\/p>\n\n\n\n<p>Jo\u00e3o Gabriel est\u00e1 crescendo e conquistando cada vez mais espa\u00e7o no cen\u00e1rio musical brasileiro e busca mostrar que o Rio de Janeiro tamb\u00e9m tem seu lugar no cen\u00e1rio sertanejo.<\/p>\n\n\n\n<p>Acompanhe @cantorjoaogabriel nas redes sociais para ficar por dentro de todas as novidades da carreira&nbsp;do&nbsp;cantor.<\/p>\n","protected":false},"excerpt":{"rendered":"<p>Trabalho j\u00e1 est\u00e1 dispon\u00edvel em todas as plataformas digitais e conta com tr\u00eas faixas O cantor carioca Jo\u00e3o Gabriel divulgou nesta quinta-feira (14) o segundo volume do seu projeto audiovisual intitulado \u201c2162\u201d. Com colabora\u00e7\u00e3o de Clayton &amp; Rom\u00e1rio, o EP est\u00e1 dispon\u00edvel em todas as plataformas digitais. O trabalho conta com as faixas &#8220;Caminh\u00e3ozinho&#8221; (com [&hellip;]<\/p>\n","protected":false},"author":1,"featured_media":2347,"comment_status":"open","ping_status":"open","sticky":false,"template":"","format":"standard","meta":{"footnotes":""},"categories":[27],"tags":[],"class_list":["post-2346","post","type-post","status-publish","format-standard","has-post-thumbnail","hentry","category-musica"],"_links":{"self":[{"href":"https:\/\/diarioparanaense.com\/index.php?rest_route=\/wp\/v2\/posts\/2346","targetHints":{"allow":["GET"]}}],"collection":[{"href":"https:\/\/diarioparanaense.com\/index.php?rest_route=\/wp\/v2\/posts"}],"about":[{"href":"https:\/\/diarioparanaense.com\/index.php?rest_route=\/wp\/v2\/types\/post"}],"author":[{"embeddable":true,"href":"https:\/\/diarioparanaense.com\/index.php?rest_route=\/wp\/v2\/users\/1"}],"replies":[{"embeddable":true,"href":"https:\/\/diarioparanaense.com\/index.php?rest_route=%2Fwp%2Fv2%2Fcomments&post=2346"}],"version-history":[{"count":1,"href":"https:\/\/diarioparanaense.com\/index.php?rest_route=\/wp\/v2\/posts\/2346\/revisions"}],"predecessor-version":[{"id":2348,"href":"https:\/\/diarioparanaense.com\/index.php?rest_route=\/wp\/v2\/posts\/2346\/revisions\/2348"}],"wp:featuredmedia":[{"embeddable":true,"href":"https:\/\/diarioparanaense.com\/index.php?rest_route=\/wp\/v2\/media\/2347"}],"wp:attachment":[{"href":"https:\/\/diarioparanaense.com\/index.php?rest_route=%2Fwp%2Fv2%2Fmedia&parent=2346"}],"wp:term":[{"taxonomy":"category","embeddable":true,"href":"https:\/\/diarioparanaense.com\/index.php?rest_route=%2Fwp%2Fv2%2Fcategories&post=2346"},{"taxonomy":"post_tag","embeddable":true,"href":"https:\/\/diarioparanaense.com\/index.php?rest_route=%2Fwp%2Fv2%2Ftags&post=2346"}],"curies":[{"name":"wp","href":"https:\/\/api.w.org\/{rel}","templated":true}]}}