{"id":2337,"date":"2024-03-14T10:02:42","date_gmt":"2024-03-14T13:02:42","guid":{"rendered":"https:\/\/diarioparanaense.com\/?p=2337"},"modified":"2024-03-14T10:03:03","modified_gmt":"2024-03-14T13:03:03","slug":"feirao-de-empregos-recoloca-50-do-cedivida-sera-dia-20-de-marco","status":"publish","type":"post","link":"https:\/\/diarioparanaense.com\/?p=2337","title":{"rendered":"Feir\u00e3o de empregos Recoloca 50+, do CEDIVIDA, ser\u00e1 dia 20 de mar\u00e7o"},"content":{"rendered":"\n<p class=\"has-medium-font-size\">A terceira edi\u00e7\u00e3o da a\u00e7\u00e3o ter\u00e1 mais de 10 empresas participantes e vagas em diversas \u00e1reas<\/p>\n\n\n\n<p>Na pr\u00f3xima quarta-feira (20), das 8h30 \u00e0s 17h30, o Centro de Direitos \u00e0 Pessoa Idosa (CEDIVIDA), da Associa\u00e7\u00e3o dos Amigos do HC, recebe a 3\u00aa A\u00e7\u00e3o Recoloca 50+. A feira de empregos direciona candidatos para vagas destinadas a pessoas com 50 anos ou mais. Em 2023, foram ofertadas mais de mil vagas em diversas \u00e1reas.<\/p>\n\n\n\n<p>As vagas oferecidas s\u00e3o dos n\u00edveis fundamental, m\u00e9dio e superior, em parceria com diferentes segmentos de mercado. Tamb\u00e9m haver\u00e1 elabora\u00e7\u00e3o e revis\u00e3o de curr\u00edculos, orienta\u00e7\u00f5es sobre direito previdenci\u00e1rio e INSS com a Comiss\u00e3o de Direito Previdenci\u00e1rio da OAB-PR. Est\u00e1 confirmada ainda a participa\u00e7\u00e3o da Secretaria de Estado da Mulher, Igualdade, Racial e Pessoa Idosa do Paran\u00e1, que ir\u00e1 divulgar os Direitos da Pessoa Idosa e o acolhimento de den\u00fancias ao Disque Idoso Paran\u00e1.<\/p>\n\n\n\n<p>Para participar, \u00e9 poss\u00edvel fazer uma pr\u00e9-inscri\u00e7\u00e3o no site ou comparecer \u00e0 Sede do CEDIVIDA at\u00e9 as 15hr e pegar senha. O atendimento ser\u00e1 na Av. Agostinho Le\u00e3o J\u00fanior, 320 &#8211; Alto da Gl\u00f3ria.<\/p>\n\n\n\n<p>Confira as empresas confirmadas na a\u00e7\u00e3o: Muffato, Condor, Grupo Veper, Centro de Excel\u00eancia Votorantim, Panvel, Droga Raia, FACOP, Risotol\u00e2ndia, RCA Servi\u00e7os, Madalosso, Obra Prima, \u00danimo Investimentos e Arteris.<\/p>\n\n\n\n<p class=\"has-medium-font-size\">Sobre o CEDIVIDA<\/p>\n\n\n\n<p>O Programa CEDIVIDA dos Amigos do HC \u00e9 o Centro de Direitos \u00e0 Vida da Pessoa Idosa. Atende gratuitamente pessoas que buscam a longevidade mais saud\u00e1vel e aut\u00f4noma. Em sede pr\u00f3pria, inaugurada em 2023, s\u00e3o realizadas oficinas, palestras e outras atividades que promovem a sa\u00fade, bem-estar, direitos, intergeracionalidade e a inclus\u00e3o digital, al\u00e9m do fomento \u00e0 empregabilidade e o empreendedorismo 50+.<\/p>\n\n\n\n<p>\u201cQuem doa ao CEDIVIDA se torna um padrinho ou madrinha do programa. Voc\u00ea estar\u00e1 contribuindo com a manuten\u00e7\u00e3o da sede, dos atendimentos e das diversas a\u00e7\u00f5es realizadas em prol da causa\u201d, refor\u00e7a Domingos Murta, presidente dos Amigos do HC.<\/p>\n\n\n\n<p class=\"has-medium-font-size\">Servi\u00e7o:<\/p>\n\n\n\n<p><strong>3\u00aa A\u00e7\u00e3o Recoloca 50+<br>Data<\/strong>: 20 de mar\u00e7o (quarta-feira)<br><strong>Hor\u00e1rio<\/strong>: das 8h30 \u00e0s 17h30<br><strong>Local<\/strong>: CEDIVIDA<br><strong>Endere\u00e7o<\/strong>: Av. Agostinho Le\u00e3o Jr., 320 &#8211; Alto da Gl\u00f3ria<br><strong>Informa\u00e7\u00f5es e pr\u00e9-cadastro<\/strong>: <a href=\"https:\/\/campanha.cedivida.org.br\/Recoloca-50\" target=\"_blank\" rel=\"noreferrer noopener\">https:\/\/campanha.cedivida.org.br\/Recoloca-50<\/a><br>Senhas distribu\u00eddas\u00a0at\u00e9\u00a0\u00e0s\u00a015h<\/p>\n","protected":false},"excerpt":{"rendered":"<p>A terceira edi\u00e7\u00e3o da a\u00e7\u00e3o ter\u00e1 mais de 10 empresas participantes e vagas em diversas \u00e1reas Na pr\u00f3xima quarta-feira (20), das 8h30 \u00e0s 17h30, o Centro de Direitos \u00e0 Pessoa Idosa (CEDIVIDA), da Associa\u00e7\u00e3o dos Amigos do HC, recebe a 3\u00aa A\u00e7\u00e3o Recoloca 50+. A feira de empregos direciona candidatos para vagas destinadas a pessoas [&hellip;]<\/p>\n","protected":false},"author":1,"featured_media":2338,"comment_status":"open","ping_status":"open","sticky":false,"template":"","format":"standard","meta":{"footnotes":""},"categories":[29,424,425,426],"tags":[],"class_list":["post-2337","post","type-post","status-publish","format-standard","has-post-thumbnail","hentry","category-artigos","category-curitiba","category-parana","category-servicos"],"_links":{"self":[{"href":"https:\/\/diarioparanaense.com\/index.php?rest_route=\/wp\/v2\/posts\/2337","targetHints":{"allow":["GET"]}}],"collection":[{"href":"https:\/\/diarioparanaense.com\/index.php?rest_route=\/wp\/v2\/posts"}],"about":[{"href":"https:\/\/diarioparanaense.com\/index.php?rest_route=\/wp\/v2\/types\/post"}],"author":[{"embeddable":true,"href":"https:\/\/diarioparanaense.com\/index.php?rest_route=\/wp\/v2\/users\/1"}],"replies":[{"embeddable":true,"href":"https:\/\/diarioparanaense.com\/index.php?rest_route=%2Fwp%2Fv2%2Fcomments&post=2337"}],"version-history":[{"count":1,"href":"https:\/\/diarioparanaense.com\/index.php?rest_route=\/wp\/v2\/posts\/2337\/revisions"}],"predecessor-version":[{"id":2339,"href":"https:\/\/diarioparanaense.com\/index.php?rest_route=\/wp\/v2\/posts\/2337\/revisions\/2339"}],"wp:featuredmedia":[{"embeddable":true,"href":"https:\/\/diarioparanaense.com\/index.php?rest_route=\/wp\/v2\/media\/2338"}],"wp:attachment":[{"href":"https:\/\/diarioparanaense.com\/index.php?rest_route=%2Fwp%2Fv2%2Fmedia&parent=2337"}],"wp:term":[{"taxonomy":"category","embeddable":true,"href":"https:\/\/diarioparanaense.com\/index.php?rest_route=%2Fwp%2Fv2%2Fcategories&post=2337"},{"taxonomy":"post_tag","embeddable":true,"href":"https:\/\/diarioparanaense.com\/index.php?rest_route=%2Fwp%2Fv2%2Ftags&post=2337"}],"curies":[{"name":"wp","href":"https:\/\/api.w.org\/{rel}","templated":true}]}}