{"id":2326,"date":"2024-03-12T15:41:10","date_gmt":"2024-03-12T18:41:10","guid":{"rendered":"https:\/\/diarioparanaense.com\/?p=2326"},"modified":"2024-03-12T15:41:10","modified_gmt":"2024-03-12T18:41:10","slug":"domingo-do-dende-uma-celebracao-cultural-com-musica-e-gastronomia","status":"publish","type":"post","link":"https:\/\/diarioparanaense.com\/?p=2326","title":{"rendered":"Domingo do Dend\u00ea, uma celebra\u00e7\u00e3o cultural com m\u00fasica e gastronomia"},"content":{"rendered":"\n<p class=\"has-medium-font-size\">Altar Cozinha Ancestral apresenta evento no cora\u00e7\u00e3o de S\u00e3o Paulo que destaca a tradi\u00e7\u00e3o do dend\u00ea em uma tarde de samba e culin\u00e1ria conceitual<\/p>\n\n\n\n<p>O Altar Cozinha Ancestral lan\u00e7ar\u00e1 mais uma edi\u00e7\u00e3o do \u201cDomingo do Dend\u00ea&#8221;, um evento dedicado \u00e0 celebra\u00e7\u00e3o da cultura afro-brasileira atrav\u00e9s da m\u00fasica e da gastronomia. A iniciativa, liderada pela s\u00f3cia Dona Carmem Virg\u00ednia, busca resgatar e valorizar as ra\u00edzes da nossa cultura africana, destacando o papel fundamental do dend\u00ea.<\/p>\n\n\n\n<p>O evento est\u00e1 marcado para o dia 31 de mar\u00e7o, das 14h \u00e0s 17h, no Altar Cozinha Ancestral, localizado no cora\u00e7\u00e3o de S\u00e3o Paulo, na Vila Madalena. Os participantes ter\u00e3o a oportunidade de desfrutar de uma tarde repleta de samba ao vivo, acompanhado de deliciosos pratos preparados com ingredientes t\u00edpicos e muito conceito.<\/p>\n\n\n\n<p>&#8220;O dend\u00ea \u00e9 parte essencial da nossa cultura, e estamos animados para celebr\u00e1-lo em uma tarde repleta de m\u00fasica, sabor e tradi\u00e7\u00e3o&#8221;, destaca Dona Carmem Virg\u00ednia, s\u00f3cia do Altar Cozinha Ancestral.<\/p>\n\n\n\n<p>Durante o &#8220;Domingo do Dend\u00ea&#8221;, os presentes poder\u00e3o apreciar uma sele\u00e7\u00e3o especial de pratos que destacam a versatilidade e autenticidade do Altar, enquanto se deixam envolver pelo ritmo contagiante do samba ao vivo.<\/p>\n\n\n\n<p>Os interessados podem fazer suas reservas previamente ou simplesmente comparecer com amigos e familiares para aproveitar essa experi\u00eancia \u00fanica de imers\u00e3o na cultura afro-brasileira. E acima de tudo celebrar a diversidade com os amigos e familiares.<\/p>\n\n\n\n<p class=\"has-medium-font-size\">Sobre o Altar<\/p>\n\n\n\n<p>Altar Cozinha Ancestral \u00e9 muito mais do que um restaurante: \u00e9 um espa\u00e7o que reverencia as ra\u00edzes culturais do Nordeste e a espiritualidade dos orix\u00e1s em cada detalhe. Com uma culin\u00e1ria que celebra os sabores tradicionais da regi\u00e3o e uma decora\u00e7\u00e3o que remete \u00e0s tradi\u00e7\u00f5es ancestrais, o restaurante da Dona Carmem Virginia, F\u00e1tima Pissarra e Luisa Sonza, oferece uma experi\u00eancia gastron\u00f4mica \u00fanica, mergulhando os clientes em uma atmosfera de conex\u00e3o com as origens. Al\u00e9m disso, os rituais e cerim\u00f4nias realizados no espa\u00e7o trazem uma dimens\u00e3o espiritual, honrando as divindades e promovendo a harmonia entre corpo, mente e alma. Assim, o Altar Cozinha Ancestral se destaca como um local de encontro, celebra\u00e7\u00e3o e reconex\u00e3o com as nossas ra\u00edzes e cren\u00e7as mais profundas.<\/p>\n\n\n\n<p class=\"has-medium-font-size\">Domingo do Dend\u00ea<\/p>\n\n\n\n<p><strong>Data<\/strong>: 31 de mar\u00e7o<br><strong>Hor\u00e1rio<\/strong>: das 14h \u00e0s 17h<br><strong>Endere\u00e7o<\/strong>: R. Medeiros de Albuquerque, 270 &#8211; Jardim das Bandeiras, S\u00e3o Paulo\u00a0&#8211;\u00a0SP,\u00a005436-060<\/p>\n","protected":false},"excerpt":{"rendered":"<p>Altar Cozinha Ancestral apresenta evento no cora\u00e7\u00e3o de S\u00e3o Paulo que destaca a tradi\u00e7\u00e3o do dend\u00ea em uma tarde de samba e culin\u00e1ria conceitual O Altar Cozinha Ancestral lan\u00e7ar\u00e1 mais uma edi\u00e7\u00e3o do \u201cDomingo do Dend\u00ea&#8221;, um evento dedicado \u00e0 celebra\u00e7\u00e3o da cultura afro-brasileira atrav\u00e9s da m\u00fasica e da gastronomia. A iniciativa, liderada pela s\u00f3cia [&hellip;]<\/p>\n","protected":false},"author":1,"featured_media":2327,"comment_status":"open","ping_status":"open","sticky":false,"template":"","format":"standard","meta":{"footnotes":""},"categories":[338],"tags":[],"class_list":["post-2326","post","type-post","status-publish","format-standard","has-post-thumbnail","hentry","category-gastronomia"],"_links":{"self":[{"href":"https:\/\/diarioparanaense.com\/index.php?rest_route=\/wp\/v2\/posts\/2326","targetHints":{"allow":["GET"]}}],"collection":[{"href":"https:\/\/diarioparanaense.com\/index.php?rest_route=\/wp\/v2\/posts"}],"about":[{"href":"https:\/\/diarioparanaense.com\/index.php?rest_route=\/wp\/v2\/types\/post"}],"author":[{"embeddable":true,"href":"https:\/\/diarioparanaense.com\/index.php?rest_route=\/wp\/v2\/users\/1"}],"replies":[{"embeddable":true,"href":"https:\/\/diarioparanaense.com\/index.php?rest_route=%2Fwp%2Fv2%2Fcomments&post=2326"}],"version-history":[{"count":1,"href":"https:\/\/diarioparanaense.com\/index.php?rest_route=\/wp\/v2\/posts\/2326\/revisions"}],"predecessor-version":[{"id":2328,"href":"https:\/\/diarioparanaense.com\/index.php?rest_route=\/wp\/v2\/posts\/2326\/revisions\/2328"}],"wp:featuredmedia":[{"embeddable":true,"href":"https:\/\/diarioparanaense.com\/index.php?rest_route=\/wp\/v2\/media\/2327"}],"wp:attachment":[{"href":"https:\/\/diarioparanaense.com\/index.php?rest_route=%2Fwp%2Fv2%2Fmedia&parent=2326"}],"wp:term":[{"taxonomy":"category","embeddable":true,"href":"https:\/\/diarioparanaense.com\/index.php?rest_route=%2Fwp%2Fv2%2Fcategories&post=2326"},{"taxonomy":"post_tag","embeddable":true,"href":"https:\/\/diarioparanaense.com\/index.php?rest_route=%2Fwp%2Fv2%2Ftags&post=2326"}],"curies":[{"name":"wp","href":"https:\/\/api.w.org\/{rel}","templated":true}]}}