{"id":2310,"date":"2024-03-07T16:56:14","date_gmt":"2024-03-07T19:56:14","guid":{"rendered":"https:\/\/diarioparanaense.com\/?p=2310"},"modified":"2024-03-07T16:56:14","modified_gmt":"2024-03-07T19:56:14","slug":"dia-do-consumidor-um-momento-pra-pensar-nos-seus-direitos-15-03","status":"publish","type":"post","link":"https:\/\/diarioparanaense.com\/?p=2310","title":{"rendered":"Dia do Consumidor, um momento pra pensar nos seus direitos (15\/03)"},"content":{"rendered":"\n<p class=\"has-medium-font-size\">Como a busca pelo correto auxilia o p\u00fablico e as empresas<\/p>\n\n\n\n<p>Agora em mar\u00e7o no dia 15 comemoramos o Dia do Consumidor, e nesta data, \u00e9 importante relembrar nos direitos que o consumidor possui frente a poss\u00edveis irregularidades na rela\u00e7\u00e3o de fornecimento de produtos e servi\u00e7os.<\/p>\n\n\n\n<p>Pesquisas realizadas pelo Instituto Brasileiro de Defesa do Consumidor (IDEC) revelam que muitos consumidores hesitam em buscar seus direitos por acreditarem que seus esfor\u00e7os ser\u00e3o em v\u00e3o ou por desconhecerem os mecanismos de reclama\u00e7\u00e3o. Este cen\u00e1rio evidencia a necessidade de informa\u00e7\u00e3o e educa\u00e7\u00e3o sobre os direitos garantidos por leis, como dito pela advogada especialista no direito do consumidor Caroline Wilzeski &#8220;o primeiro passo para garantir os direitos do consumidor \u00e9 conhec\u00ea-los. O CDC estabelece uma s\u00e9rie de garantias, incluindo, mas n\u00e3o se limitando a: prote\u00e7\u00e3o contra publicidade enganosa e abusiva, direito \u00e0 informa\u00e7\u00e3o clara e adequada sobre os produtos e servi\u00e7os, prote\u00e7\u00e3o contra m\u00e9todos comerciais coercitivos ou desleais, al\u00e9m de facilitar a defesa de seus direitos, incluindo a repara\u00e7\u00e3o de danos.&#8221;<\/p>\n\n\n\n<p>Este texto \u00e9 um convite \u00e0 reflex\u00e3o sobre as responsabilidades e as escolhas conscientes de compra, incentivando os consumidores a reivindicarem seus direitos em situa\u00e7\u00f5es de insatisfa\u00e7\u00e3o ou m\u00e1 presta\u00e7\u00e3o de servi\u00e7os. Ficam destacadas essas cinco dicas essenciais para assegurar esses direitos:<\/p>\n\n\n\n<p>1.Conhe\u00e7a seus direitos: A Lei n. 12.291\/2010 exige que cada estabelecimento comercial disponibilize pelo menos um exemplar do CDC, assegurando o direito \u00e0 informa\u00e7\u00e3o, seguran\u00e7a, prote\u00e7\u00e3o de dados, qualidade do produto ou servi\u00e7o e repara\u00e7\u00e3o em caso de danos.<\/p>\n\n\n\n<p>2.Guarde as provas: Documentos como nota fiscal, contratos, recibos, e-mails e mensagens trocadas com fornecedores s\u00e3o cruciais para suportar uma reclama\u00e7\u00e3o ou a\u00e7\u00e3o judicial.<\/p>\n\n\n\n<p>3.Tente resolver o problema diretamente com a empresa: Priorize o contato com os canais de atendimento ao cliente para uma solu\u00e7\u00e3o r\u00e1pida. Muitas empresas oferecem SAC e ouvidoria para atender reclama\u00e7\u00f5es.<\/p>\n\n\n\n<p>4.Fa\u00e7a uma reclama\u00e7\u00e3o nos \u00f3rg\u00e3os de defesa do consumidor: Caso a tentativa direta falhe, institui\u00e7\u00f5es como o Procon est\u00e3o prontas para mediar o conflito, podendo inclusive aplicar san\u00e7\u00f5es \u00e0s empresas infratoras.<\/p>\n\n\n\n<p>5.Busque orienta\u00e7\u00e3o jur\u00eddica: Em quest\u00f5es mais complexas ou n\u00e3o resolvidas pelos \u00f3rg\u00e3os de defesa, a assist\u00eancia de um advogado especializado pode ser necess\u00e1ria para ajuizar uma demanda.<\/p>\n\n\n\n<p>Com a expans\u00e3o do mercado e o desenvolvimento das rela\u00e7\u00f5es de consumo, o CDC se mant\u00e9m como um instrumento vital para a seguran\u00e7a e orienta\u00e7\u00e3o dos clientes. Fazendo uso desse c\u00f3digo e seguindo as dicas mencionadas, os consumidores n\u00e3o s\u00f3 protegem seus interesses, mas tamb\u00e9m promovem pr\u00e1ticas comerciais mais justas e equilibradas<\/p>\n\n\n\n<p><strong>Servi\u00e7o: Caroline Wilzeski<\/strong><\/p>\n\n\n\n<p>Advogada<br>41 99568-6892<br>carolinewilzeski.adv<\/p>\n\n\n\n<p>wilzeskiadvocacia<br>caroline@wilzeskiadvocacia.com.br<br><a href=\"http:\/\/wilzeskiadvocacia.com.br\">wilzeskiadvocacia.com.br<br><\/a>Avenida Rep\u00fablica Argentina, 1336, Sala 1615, \u00c1gua Verde,\u00a0Curitiba\/PR.<\/p>\n","protected":false},"excerpt":{"rendered":"<p>Como a busca pelo correto auxilia o p\u00fablico e as empresas Agora em mar\u00e7o no dia 15 comemoramos o Dia do Consumidor, e nesta data, \u00e9 importante relembrar nos direitos que o consumidor possui frente a poss\u00edveis irregularidades na rela\u00e7\u00e3o de fornecimento de produtos e servi\u00e7os. Pesquisas realizadas pelo Instituto Brasileiro de Defesa do Consumidor [&hellip;]<\/p>\n","protected":false},"author":1,"featured_media":2316,"comment_status":"open","ping_status":"open","sticky":false,"template":"","format":"standard","meta":{"footnotes":""},"categories":[29],"tags":[],"class_list":["post-2310","post","type-post","status-publish","format-standard","has-post-thumbnail","hentry","category-artigos"],"_links":{"self":[{"href":"https:\/\/diarioparanaense.com\/index.php?rest_route=\/wp\/v2\/posts\/2310","targetHints":{"allow":["GET"]}}],"collection":[{"href":"https:\/\/diarioparanaense.com\/index.php?rest_route=\/wp\/v2\/posts"}],"about":[{"href":"https:\/\/diarioparanaense.com\/index.php?rest_route=\/wp\/v2\/types\/post"}],"author":[{"embeddable":true,"href":"https:\/\/diarioparanaense.com\/index.php?rest_route=\/wp\/v2\/users\/1"}],"replies":[{"embeddable":true,"href":"https:\/\/diarioparanaense.com\/index.php?rest_route=%2Fwp%2Fv2%2Fcomments&post=2310"}],"version-history":[{"count":1,"href":"https:\/\/diarioparanaense.com\/index.php?rest_route=\/wp\/v2\/posts\/2310\/revisions"}],"predecessor-version":[{"id":2317,"href":"https:\/\/diarioparanaense.com\/index.php?rest_route=\/wp\/v2\/posts\/2310\/revisions\/2317"}],"wp:featuredmedia":[{"embeddable":true,"href":"https:\/\/diarioparanaense.com\/index.php?rest_route=\/wp\/v2\/media\/2316"}],"wp:attachment":[{"href":"https:\/\/diarioparanaense.com\/index.php?rest_route=%2Fwp%2Fv2%2Fmedia&parent=2310"}],"wp:term":[{"taxonomy":"category","embeddable":true,"href":"https:\/\/diarioparanaense.com\/index.php?rest_route=%2Fwp%2Fv2%2Fcategories&post=2310"},{"taxonomy":"post_tag","embeddable":true,"href":"https:\/\/diarioparanaense.com\/index.php?rest_route=%2Fwp%2Fv2%2Ftags&post=2310"}],"curies":[{"name":"wp","href":"https:\/\/api.w.org\/{rel}","templated":true}]}}