{"id":2299,"date":"2024-03-07T15:16:17","date_gmt":"2024-03-07T18:16:17","guid":{"rendered":"https:\/\/diarioparanaense.com\/?p=2299"},"modified":"2024-03-07T15:16:17","modified_gmt":"2024-03-07T18:16:17","slug":"saude-bucal-no-dia-da-mulher","status":"publish","type":"post","link":"https:\/\/diarioparanaense.com\/?p=2299","title":{"rendered":"Sa\u00fade bucal no dia da mulher"},"content":{"rendered":"\n<p class=\"has-medium-font-size\">Como as mulheres t\u00eam problemas diferentes quanto a halitose<\/p>\n\n\n\n<p>No universo feminino, as oscila\u00e7\u00f5es hormonais n\u00e3o apenas desenham as nuances do humor e da apar\u00eancia, mas tamb\u00e9m deixam suas marcas na sa\u00fade bucal, um aspecto pouco discutido, mas de grande import\u00e2ncia. No Dia Internacional da Mulher, voltamos nossa aten\u00e7\u00e3o para uma condi\u00e7\u00e3o que pode afetar a autoestima e a qualidade de vida das mulheres: a halitose, ou mau h\u00e1lito, e sua rela\u00e7\u00e3o intr\u00ednseca com as varia\u00e7\u00f5es hormonais caracter\u00edsticas do sexo feminino.<\/p>\n\n\n\n<p>A boca, uma janela para a sa\u00fade geral, responde de maneira sens\u00edvel \u00e0s mudan\u00e7as hormonais vivenciadas pelas mulheres. A gengiva, em particular, \u00e9 a \u00e1rea mais afetada, reagindo de forma distinta durante per\u00edodos marcantes como a adolesc\u00eancia, a gravidez e a menopausa. &#8220;Esses momentos, caracterizados pelo aumento ou diminui\u00e7\u00e3o de horm\u00f4nios sexuais como estrog\u00eanio e progesterona, podem levar a uma maior circula\u00e7\u00e3o sangu\u00ednea na regi\u00e3o gengival e, consequentemente, a rea\u00e7\u00f5es inflamat\u00f3rias&#8221;, diz a dentista especialista em halitose Claudia Gobor.<\/p>\n\n\n\n<p>A evolu\u00e7\u00e3o destes horm\u00f4nios na puberdade, por exemplo, permite uma rea\u00e7\u00e3o inflamat\u00f3ria gengival resultando num aumento do fluxo sangu\u00edneo. J\u00e1 na gravidez, a sensibilidade gengival \u00e9 intensificada e, com isso, o risco de gengivite grav\u00eddica \u2014 condi\u00e7\u00e3o que exige uma aten\u00e7\u00e3o \u00e0 parte. Por fim, a menopausa traz a diminui\u00e7\u00e3o do horm\u00f4nio estradiol, podendo diminuir a lubrifica\u00e7\u00e3o da mucosa bucal e, consequentemente, a produ\u00e7\u00e3o de saliva. Claudia Gobor alerta, &#8220;A redu\u00e7\u00e3o da lubrifica\u00e7\u00e3o da mucosa bucal pode levar a uma diminui\u00e7\u00e3o na produ\u00e7\u00e3o de saliva. Com a diminui\u00e7\u00e3o da umidade, a saliva, essencial para a sa\u00fade bucal, fica reduzida, o que pode favorecer o surgimento de halitose e aumentar a incid\u00eancia de c\u00e1ries.&#8221;<\/p>\n\n\n\n<p>Compreendidos esses fatos, \u00e9 poss\u00edvel entender que a halitose na mulher vai al\u00e9m de uma higiene bucal inadequada: pode ser, em alguns casos, o reflexo de altera\u00e7\u00f5es hormonais profundas. E que isso sublinha a necessidade de um acompanhamento mais ligado \u00e0 sa\u00fade bucal feminina, sobretudo em fases de transi\u00e7\u00e3o hormonal. Tal como ressalta a especialista, a recomenda\u00e7\u00e3o \u00e9: \u201cManter consultas peri\u00f3dicas com um dentista\u201d \u2014 o que n\u00e3o s\u00f3 ajuda a evitar problemas orais ligados \u00e0s oscila\u00e7\u00f5es hormonais, como \u201cmant\u00e9m as mulheres saud\u00e1veis, bonitas e confiantes em todas as etapas da vida\u201d.<\/p>\n\n\n\n<p>Neste Dia da Mulher, \u00e9 vital reconhecer e abordar a halitose como uma quest\u00e3o de sa\u00fade que merece compreens\u00e3o, preven\u00e7\u00e3o e tratamento adequados. Ao fazer isso, celebramos n\u00e3o apenas a beleza e a for\u00e7a das mulheres, mas tamb\u00e9m sua sa\u00fade integral, promovendo um bem-estar que transcende o f\u00edsico e toca no cerne da dignidade feminina.<\/p>\n\n\n\n<p><strong>Servi\u00e7o<\/strong>: <strong>Dra. Cl\u00e1udia C. Gobor<\/strong><br>Cirurgi\u00e3 Dentista especialista pelo MEC no tratamento da Halitose<br>Ex-Presidente e atual Diretora Executiva da Associa\u00e7\u00e3o Brasileira de Halitose<br><a href=\"https:\/\/www.bomhalitocuritiba.com.br\/\" target=\"_blank\" rel=\"noreferrer noopener\">https:\/\/www.bomhalitocuritiba.com.br\/<br><\/a>(41) 3022-3131 | (41) 99977-7087<br>Redes sociais: Instagram: @bomhalitocuritiba<br>Facebook: @bomhalitocuritiba<\/p>\n","protected":false},"excerpt":{"rendered":"<p>Como as mulheres t\u00eam problemas diferentes quanto a halitose No universo feminino, as oscila\u00e7\u00f5es hormonais n\u00e3o apenas desenham as nuances do humor e da apar\u00eancia, mas tamb\u00e9m deixam suas marcas na sa\u00fade bucal, um aspecto pouco discutido, mas de grande import\u00e2ncia. No Dia Internacional da Mulher, voltamos nossa aten\u00e7\u00e3o para uma condi\u00e7\u00e3o que pode afetar [&hellip;]<\/p>\n","protected":false},"author":1,"featured_media":2301,"comment_status":"open","ping_status":"open","sticky":false,"template":"","format":"standard","meta":{"footnotes":""},"categories":[29],"tags":[],"class_list":["post-2299","post","type-post","status-publish","format-standard","has-post-thumbnail","hentry","category-artigos"],"_links":{"self":[{"href":"https:\/\/diarioparanaense.com\/index.php?rest_route=\/wp\/v2\/posts\/2299","targetHints":{"allow":["GET"]}}],"collection":[{"href":"https:\/\/diarioparanaense.com\/index.php?rest_route=\/wp\/v2\/posts"}],"about":[{"href":"https:\/\/diarioparanaense.com\/index.php?rest_route=\/wp\/v2\/types\/post"}],"author":[{"embeddable":true,"href":"https:\/\/diarioparanaense.com\/index.php?rest_route=\/wp\/v2\/users\/1"}],"replies":[{"embeddable":true,"href":"https:\/\/diarioparanaense.com\/index.php?rest_route=%2Fwp%2Fv2%2Fcomments&post=2299"}],"version-history":[{"count":1,"href":"https:\/\/diarioparanaense.com\/index.php?rest_route=\/wp\/v2\/posts\/2299\/revisions"}],"predecessor-version":[{"id":2302,"href":"https:\/\/diarioparanaense.com\/index.php?rest_route=\/wp\/v2\/posts\/2299\/revisions\/2302"}],"wp:featuredmedia":[{"embeddable":true,"href":"https:\/\/diarioparanaense.com\/index.php?rest_route=\/wp\/v2\/media\/2301"}],"wp:attachment":[{"href":"https:\/\/diarioparanaense.com\/index.php?rest_route=%2Fwp%2Fv2%2Fmedia&parent=2299"}],"wp:term":[{"taxonomy":"category","embeddable":true,"href":"https:\/\/diarioparanaense.com\/index.php?rest_route=%2Fwp%2Fv2%2Fcategories&post=2299"},{"taxonomy":"post_tag","embeddable":true,"href":"https:\/\/diarioparanaense.com\/index.php?rest_route=%2Fwp%2Fv2%2Ftags&post=2299"}],"curies":[{"name":"wp","href":"https:\/\/api.w.org\/{rel}","templated":true}]}}