{"id":2294,"date":"2024-03-07T15:12:07","date_gmt":"2024-03-07T18:12:07","guid":{"rendered":"https:\/\/diarioparanaense.com\/?p=2294"},"modified":"2024-03-07T15:12:48","modified_gmt":"2024-03-07T18:12:48","slug":"em-10-anos-o-numero-de-mortes-de-idosos-por-queda-no-brasil-quase-dobrou","status":"publish","type":"post","link":"https:\/\/diarioparanaense.com\/?p=2294","title":{"rendered":"Em 10 anos, o n\u00famero de mortes de idosos por queda no Brasil quase dobrou"},"content":{"rendered":"\n<p class=\"has-medium-font-size\">Dr. Marco Aur\u00e9lio S. Neves fala sobre a import\u00e2ncia de mais incentivo para os idosos fortalecerem suas musculaturas<\/p>\n\n\n\n<p>De acordo com levantamento do Ministro da Sa\u00fade divulgado pela <a href=\"https:\/\/g1.globo.com\/saude\/noticia\/2024\/01\/02\/por-que-mortes-de-idosos-por-quedas-quase-dobraram-em-10-anos-no-brasil.ghtml\">BBC News<\/a>, a quantidade de idosos que faleceram devido \u00e0 queda da pr\u00f3pria altura em 2022 foi de 9.592, quase o dobro do que foi registrado em 2013 (4.816).<\/p>\n\n\n\n<p>Segundo os dados, todos os dias, 63 idosos procuram atendimento hospitalar devido a acidentes desse tipo, sendo que 19 n\u00e3o resistem, o que aponta para uma acelera\u00e7\u00e3o de quedas da pr\u00f3pria altura no pa\u00eds.<\/p>\n\n\n\n<p>Sendo considerada a terceira maior causa de mortalidade entre pessoas com mais de 65 anos no Brasil, entre 2013 e 2022, o n\u00famero total de mortes de idosos foi de 70.516. Especialistas ouvidos pela BBC News apontam que as principais causas para o n\u00famero alarmante desses acidentes s\u00e3o: a expectativa de vida cada vez maior do brasileiro, menor subnotifica\u00e7\u00e3o da rede hospitalar e falta de pol\u00edticas p\u00fablicas para locomo\u00e7\u00e3o da popula\u00e7\u00e3o nessa faixa et\u00e1ria.<\/p>\n\n\n\n<p>O <a href=\"https:\/\/www.drmarcoaurelio.com.br\">Dr. Marco Aur\u00e9lio Silv\u00e9rio Neves<\/a>,ortopedista e traumatologista especializado em cirurgia de quadril e joelho, aponta que o incentivo \u00e0 mobilidade e a pr\u00e1tica de esportes deveria ser maior, j\u00e1 que a preven\u00e7\u00e3o \u00e9 sempre a melhor solu\u00e7\u00e3o. &#8220;Apesar de os tombos serem frequentes durante a vida, \u00e9 ap\u00f3s os 60 anos que eles podem se tornar mais comuns&#8221;, complementa.&nbsp;<\/p>\n\n\n\n<p>De acordo com o Dr. Marco Aur\u00e9lio, que tamb\u00e9m \u00e9 membro da Sociedade Brasileira de Ortopedia e Traumatologia (SBOT), com o envelhecimento natural, o corpo humano vai perdendo massa e for\u00e7a muscular, a chamada sarcopenia, da\u00ed vem a import\u00e2ncia dos exerc\u00edcios f\u00edsicos para o fortalecimento dos m\u00fasculos. &#8220;Essa perda de massa muscular faz com que os idosos tenham uma tend\u00eancia maior de desequil\u00edbrio, o que acaba gerando a maior parte dos acidentes&#8221;, explica.&nbsp;<\/p>\n\n\n\n<p>Entretanto, o especialista refor\u00e7a que n\u00e3o \u00e9 apenas a perda de massa muscular que gera os acidentes. &#8220;Ao mesmo tempo, quem tem mais de 60 anos, possui maior tend\u00eancia de ter comorbidades, como altera\u00e7\u00f5es neurol\u00f3gicas, que podem, por exemplo, gerar uma tontura e uma consequente queda&#8221;.<\/p>\n\n\n\n<p>Por fim, o cirurgi\u00e3o ortopedista, al\u00e9m de acompanhamento m\u00e9dico para que se possa adiantar o aparecimento de comorbidades e tratar o quanto antes, evitando acidentes de quedas e outros, recomenda que pessoas com mais de 60 anos foquem na realiza\u00e7\u00e3o de atividades como nata\u00e7\u00e3o, caminhada, alongamento, pilates, entre outros exerc\u00edcios que podem fortalecer a musculatura. \u201cMas sempre realizar as atividades indicadas pelo m\u00e9dico\u201d, ressalta Dr. Marco Aur\u00e9lio.<\/p>\n\n\n\n<p><strong>Sobre Dr. Marco Aur\u00e9lio S. Neves<\/strong><\/p>\n\n\n\n<p>Dr Marco Aur\u00e9lio S. Neves, ortopedista e traumatologista, especializado em pr\u00f3teses de quadril e joelho.<\/p>\n\n\n\n<p>Pioneiro no Brasil em t\u00e9cnicas avan\u00e7adas para realiza\u00e7\u00e3o de cirurgias de pr\u00f3tese de quadril e de joelho.&nbsp; Conta com especializa\u00e7\u00e3o em Ortopedia e Traumatologia (2001) e em Cirurgia do Quadril e do Joelho (2002 e 2003), pelo Hospital das Cl\u00ednicas da Faculdade de Medicina da Universidade de S\u00e3o Paulo (HC \u2013 FMUSP).<\/p>\n\n\n\n<p>O grande diferencial do m\u00e9dico s\u00e3o as bases tecnol\u00f3gicas aplicadas na pr\u00f3tese de joelho, o uso de guias customizadas feitas sob medida para cada paciente, por meio de impress\u00e3o 3D, aumenta a precis\u00e3o da cirurgia, otimizando os resultados. E na cirurgia de pr\u00f3tese de quadril, pioneiro na utiliza\u00e7\u00e3o da via anterior \u00e9 a \u00fanica que possibilita o m\u00e9todo verdadeiramente n\u00e3o invasivo (AMIS), preservando m\u00fasculos e tend\u00f5es.<\/p>\n\n\n\n<p>A realidade aumentada e a rob\u00f3tica para diminuir a agress\u00e3o da cirurgia e permitir uma recupera\u00e7\u00e3o mais r\u00e1pida tamb\u00e9m j\u00e1 s\u00e3o uma realidade. Um dos pioneiros no Brasil em t\u00e9cnicas avan\u00e7adas para realiza\u00e7\u00e3o de cirurgias de pr\u00f3tese de quadril e de joelho.<\/p>\n\n\n\n<p>Especializa\u00e7\u00f5es em centros de refer\u00eancia em cirurgia ortop\u00e9dica do mundo, entre eles: Presbyterian Hospital Plano (Texas, Estados Unidos, 2004), Hospital Jan Palfij (Gent, B\u00e9lgica, 2006), Clinic Dr. Decker (Munique, Alemanha, 2006), The Steadman Clinic (Vail, Estados Unidos, 2009), South West London Orthopaedic Center (Inglaterra, 2013), Le Centre M\u00e9dico Chirurgical Paris V (Paris, Fran\u00e7a, 2015).<\/p>\n\n\n\n<p><strong>Para mais informa\u00e7\u00f5es<\/strong>: <a href=\"http:\/\/www.drmarcoaurelio.com.br\">www.drmarcoaurelio.com.br<\/a><\/p>\n\n\n\n<p><strong>Instagram<\/strong>: @drmarcoaurelio.ortopedia<\/p>\n\n\n\n<p><strong>Linkedin<\/strong>: marco-aurelio-silverio-neves<\/p>\n","protected":false},"excerpt":{"rendered":"<p>Dr. Marco Aur\u00e9lio S. Neves fala sobre a import\u00e2ncia de mais incentivo para os idosos fortalecerem suas musculaturas De acordo com levantamento do Ministro da Sa\u00fade divulgado pela BBC News, a quantidade de idosos que faleceram devido \u00e0 queda da pr\u00f3pria altura em 2022 foi de 9.592, quase o dobro do que foi registrado em [&hellip;]<\/p>\n","protected":false},"author":1,"featured_media":2297,"comment_status":"open","ping_status":"open","sticky":false,"template":"","format":"standard","meta":{"footnotes":""},"categories":[29],"tags":[],"class_list":["post-2294","post","type-post","status-publish","format-standard","has-post-thumbnail","hentry","category-artigos"],"_links":{"self":[{"href":"https:\/\/diarioparanaense.com\/index.php?rest_route=\/wp\/v2\/posts\/2294","targetHints":{"allow":["GET"]}}],"collection":[{"href":"https:\/\/diarioparanaense.com\/index.php?rest_route=\/wp\/v2\/posts"}],"about":[{"href":"https:\/\/diarioparanaense.com\/index.php?rest_route=\/wp\/v2\/types\/post"}],"author":[{"embeddable":true,"href":"https:\/\/diarioparanaense.com\/index.php?rest_route=\/wp\/v2\/users\/1"}],"replies":[{"embeddable":true,"href":"https:\/\/diarioparanaense.com\/index.php?rest_route=%2Fwp%2Fv2%2Fcomments&post=2294"}],"version-history":[{"count":1,"href":"https:\/\/diarioparanaense.com\/index.php?rest_route=\/wp\/v2\/posts\/2294\/revisions"}],"predecessor-version":[{"id":2298,"href":"https:\/\/diarioparanaense.com\/index.php?rest_route=\/wp\/v2\/posts\/2294\/revisions\/2298"}],"wp:featuredmedia":[{"embeddable":true,"href":"https:\/\/diarioparanaense.com\/index.php?rest_route=\/wp\/v2\/media\/2297"}],"wp:attachment":[{"href":"https:\/\/diarioparanaense.com\/index.php?rest_route=%2Fwp%2Fv2%2Fmedia&parent=2294"}],"wp:term":[{"taxonomy":"category","embeddable":true,"href":"https:\/\/diarioparanaense.com\/index.php?rest_route=%2Fwp%2Fv2%2Fcategories&post=2294"},{"taxonomy":"post_tag","embeddable":true,"href":"https:\/\/diarioparanaense.com\/index.php?rest_route=%2Fwp%2Fv2%2Ftags&post=2294"}],"curies":[{"name":"wp","href":"https:\/\/api.w.org\/{rel}","templated":true}]}}