{"id":2287,"date":"2024-03-07T11:41:50","date_gmt":"2024-03-07T14:41:50","guid":{"rendered":"https:\/\/diarioparanaense.com\/?p=2287"},"modified":"2024-03-07T11:41:50","modified_gmt":"2024-03-07T14:41:50","slug":"enfrentando-os-traumas-femininos","status":"publish","type":"post","link":"https:\/\/diarioparanaense.com\/?p=2287","title":{"rendered":"Enfrentando os traumas femininos"},"content":{"rendered":"\n<p class=\"has-medium-font-size\">\u00c9 importante falar de microfisioterapia nesse dia da mulher (08\/03)<\/p>\n\n\n\n<p>No Dia Internacional da Mulher, 8 de mar\u00e7o, reconhecemos as grandes conquistas feitas por mulheres ao longo da hist\u00f3ria, bem como seus desafios que s\u00e3o enfrentados diariamente \u2013 um dos quais s\u00e3o os muitas vezes profundos traumas f\u00edsicos e emocionais resultantes de viol\u00eancia, discrimina\u00e7\u00e3o, e outras experi\u00eancias negativas. Estas marcas podem afetar gravemente a sa\u00fade mental e f\u00edsica das mulheres, e por conta de falta de tempo ou at\u00e9 mesmo algo relacionado ao pr\u00f3prio trauma faz com que elas n\u00e3o procurem ajuda, desta forma uma nova esperan\u00e7a para a recupera\u00e7\u00e3o e bem-estar surge em diversas formas sendo uma das mais desconhecidas a microfisioterapia.<\/p>\n\n\n\n<p>A fisioterapeuta P\u00e9rcya Bacilla Nery traz um pouco da hist\u00f3ria e fun\u00e7\u00e3o da microfisioterapia, &#8220;Desenvolvida na Fran\u00e7a nos anos 80, a microfisioterapia \u00e9 uma t\u00e9cnica que procura a raiz dos traumas no corpo e incentiva a autocura. Com movimentos sutis, o terapeuta identifica e trata os pontos que guardam mem\u00f3rias de traumas passados, sejam eles f\u00edsicos, emocionais ou psicol\u00f3gicos.&#8221; Esta abordagem hol\u00edstica e n\u00e3o invasiva visa tratar a pessoa como um todo, promovendo sa\u00fade e equil\u00edbrio.<\/p>\n\n\n\n<p>Mulheres de diferentes idades e origens t\u00eam encontrado na microfisioterapia uma ferramenta \u00fatil para tratar uma variedade de condi\u00e7\u00f5es, incluindo estresse p\u00f3s-traum\u00e1tico e sequelas de abusos e acidentes. Seu enfoque n\u00e3o medicamentosalo e n\u00e3o invasiva diminui o risco de efeitos colaterais, ampliando sua acessibilidade.<\/p>\n\n\n\n<p>Al\u00e9m de tratar traumas espec\u00edficos, a microfisioterapia tem sucesso no aprimoramento da qualidade de vida em mulheres lidando com ansiedade, depress\u00e3o, e dist\u00farbios do sono, frequentemente associados a experi\u00eancias traum\u00e1ticas. Ao fomentar a autocura e o reequil\u00edbrio, contribui para um estado de bem-estar geral, aumentando a resili\u00eancia e a capacidade de superar desafios futuros.<\/p>\n\n\n\n<p>No Dia Internacional da Mulher, \u00e9 importante promover tratamentos como a microfisioterapia, apoiando a recupera\u00e7\u00e3o feminina e caminhando em dire\u00e7\u00e3o a uma sociedade mais equitativa. Ao dar voz \u00e0s experi\u00eancias das mulheres e valorizar abordagens hol\u00edsticas na sa\u00fade, avan\u00e7amos para um futuro onde todas possam viver sem dor ou trauma.<\/p>\n\n\n\n<p>Neste dia de reflex\u00e3o e celebra\u00e7\u00e3o, lembramos que a jornada feminina em busca de igualdade inclui a luta por direitos e a cura de traumas. A microfisioterapia, assim como outras abordagens terap\u00eauticas, isso \u00e9 um passo na dire\u00e7\u00e3o correta, fornecendo caminhos de cura e esperan\u00e7as de um futuro melhor para as mulheres em todo lugar.<\/p>\n\n\n\n<p><strong>Dra P\u00e9rcya Bacilla Nery<br><\/strong>Fisioterapeuta<br>(41) 99181-9944<br>@percya.fisio<br>bacillanery@yahoo.com.br<br><a href=\"https:\/\/percyafisio.com.br\" target=\"_blank\" rel=\"noreferrer noopener\">https:\/\/percyafisio.com.br<br><\/a>Rua Lamenha Lins, 266 , Cj. 56 \u2013 Centro,\u00a0Curitiba\u00a0\u2013\u00a0PR<\/p>\n","protected":false},"excerpt":{"rendered":"<p>\u00c9 importante falar de microfisioterapia nesse dia da mulher (08\/03) No Dia Internacional da Mulher, 8 de mar\u00e7o, reconhecemos as grandes conquistas feitas por mulheres ao longo da hist\u00f3ria, bem como seus desafios que s\u00e3o enfrentados diariamente \u2013 um dos quais s\u00e3o os muitas vezes profundos traumas f\u00edsicos e emocionais resultantes de viol\u00eancia, discrimina\u00e7\u00e3o, e [&hellip;]<\/p>\n","protected":false},"author":1,"featured_media":2291,"comment_status":"open","ping_status":"open","sticky":false,"template":"","format":"standard","meta":{"footnotes":""},"categories":[29],"tags":[],"class_list":["post-2287","post","type-post","status-publish","format-standard","has-post-thumbnail","hentry","category-artigos"],"_links":{"self":[{"href":"https:\/\/diarioparanaense.com\/index.php?rest_route=\/wp\/v2\/posts\/2287","targetHints":{"allow":["GET"]}}],"collection":[{"href":"https:\/\/diarioparanaense.com\/index.php?rest_route=\/wp\/v2\/posts"}],"about":[{"href":"https:\/\/diarioparanaense.com\/index.php?rest_route=\/wp\/v2\/types\/post"}],"author":[{"embeddable":true,"href":"https:\/\/diarioparanaense.com\/index.php?rest_route=\/wp\/v2\/users\/1"}],"replies":[{"embeddable":true,"href":"https:\/\/diarioparanaense.com\/index.php?rest_route=%2Fwp%2Fv2%2Fcomments&post=2287"}],"version-history":[{"count":1,"href":"https:\/\/diarioparanaense.com\/index.php?rest_route=\/wp\/v2\/posts\/2287\/revisions"}],"predecessor-version":[{"id":2292,"href":"https:\/\/diarioparanaense.com\/index.php?rest_route=\/wp\/v2\/posts\/2287\/revisions\/2292"}],"wp:featuredmedia":[{"embeddable":true,"href":"https:\/\/diarioparanaense.com\/index.php?rest_route=\/wp\/v2\/media\/2291"}],"wp:attachment":[{"href":"https:\/\/diarioparanaense.com\/index.php?rest_route=%2Fwp%2Fv2%2Fmedia&parent=2287"}],"wp:term":[{"taxonomy":"category","embeddable":true,"href":"https:\/\/diarioparanaense.com\/index.php?rest_route=%2Fwp%2Fv2%2Fcategories&post=2287"},{"taxonomy":"post_tag","embeddable":true,"href":"https:\/\/diarioparanaense.com\/index.php?rest_route=%2Fwp%2Fv2%2Ftags&post=2287"}],"curies":[{"name":"wp","href":"https:\/\/api.w.org\/{rel}","templated":true}]}}