{"id":2281,"date":"2024-03-07T10:40:43","date_gmt":"2024-03-07T13:40:43","guid":{"rendered":"https:\/\/diarioparanaense.com\/?p=2281"},"modified":"2024-03-07T10:40:43","modified_gmt":"2024-03-07T13:40:43","slug":"programa-de-residencia-do-hospital-sao-vicente-diploma-novos-especialistas","status":"publish","type":"post","link":"https:\/\/diarioparanaense.com\/?p=2281","title":{"rendered":"Programa de resid\u00eancia do Hospital S\u00e3o Vicente diploma novos especialistas"},"content":{"rendered":"\n<p class=\"has-medium-font-size\">Realizado h\u00e1 mais de 15 anos, o programa de resid\u00eancia m\u00e9dica da institui\u00e7\u00e3o j\u00e1 formou pelo menos 13 turmas de residentes<\/p>\n\n\n\n<p>Depois de tr\u00eas anos de resid\u00eancia m\u00e9dica, os novos especialistas Rodolfo Peruzzo e Diego Uszynski foram os homenageados no jantar de formatura, no restaurante Coco Bambu, do Programa de Resid\u00eancia M\u00e9dica do Hospital S\u00e3o Vicente, credenciado pelo MEC. Formandos, familiares, m\u00e9dicos preceptores, conselheiros curadores, corpo cl\u00ednico e lideran\u00e7as tamb\u00e9m estiveram presentes. Entre eles, a diretora executiva, Marcia Beatriz Schneider, a diretora t\u00e9cnica, Dra. Cec\u00edlia Vasconcelos, o Dr. J\u00falio Foiatto, coordenador da Comiss\u00e3o de Resid\u00eancia M\u00e9dica do Hospital S\u00e3o Vicente (Coreme) e o presidente do conselho curador da Funda\u00e7\u00e3o de Estudos das Doen\u00e7as do F\u00edgado (Funef), Giovanni Loddo.<\/p>\n\n\n\n<p>O programa contempla tr\u00eas especialidades: cirurgia geral, radiologia e diagn\u00f3stico por imagem e cirurgia oncol\u00f3gica. O doutor Peruzzo recebeu o Grau de Especialista em cirurgia geral, j\u00e1 do Uszynski foi em radiologia e diagn\u00f3stico por imagem.<\/p>\n\n\n\n<p>\u201cA capacita\u00e7\u00e3o de novos m\u00e9dicos j\u00e1 acontece h\u00e1 mais de 15 anos na nossa institui\u00e7\u00e3o, e a cada ano que passa trazemos novas t\u00e9cnicas de aperfei\u00e7oamento, mas a ess\u00eancia do nosso programa nunca muda: fornecer atendimento de excel\u00eancia aos pacientes por meio de profissionais qualificados. Por isso, temos orgulho de capacitar m\u00e9dicos que carregam essa miss\u00e3o\u201d, ressalta Marcia Schneider.<\/p>\n\n\n\n<p>A turma de 2024 formada contou com um trabalho de ensino solidificado com a supervis\u00e3o do Coreme, o qual \u00e9 formado pela coordena\u00e7\u00e3o geral do Dr. J\u00falio Foiatto, coordena\u00e7\u00e3o da especialidade de Cirurgia Geral do Dr. Hector Sbaraini Fontes, da Dra. Nayara Vilas Novas Gressele na especialidade de Cirurgia Oncol\u00f3gica e da Dra. Maria Fernanda Caboclo na especialidade de Radiologia e Diagn\u00f3stico por Imagem.<\/p>\n","protected":false},"excerpt":{"rendered":"<p>Realizado h\u00e1 mais de 15 anos, o programa de resid\u00eancia m\u00e9dica da institui\u00e7\u00e3o j\u00e1 formou pelo menos 13 turmas de residentes Depois de tr\u00eas anos de resid\u00eancia m\u00e9dica, os novos especialistas Rodolfo Peruzzo e Diego Uszynski foram os homenageados no jantar de formatura, no restaurante Coco Bambu, do Programa de Resid\u00eancia M\u00e9dica do Hospital S\u00e3o [&hellip;]<\/p>\n","protected":false},"author":1,"featured_media":2282,"comment_status":"open","ping_status":"open","sticky":false,"template":"","format":"standard","meta":{"footnotes":""},"categories":[186],"tags":[],"class_list":["post-2281","post","type-post","status-publish","format-standard","has-post-thumbnail","hentry","category-eventos"],"_links":{"self":[{"href":"https:\/\/diarioparanaense.com\/index.php?rest_route=\/wp\/v2\/posts\/2281","targetHints":{"allow":["GET"]}}],"collection":[{"href":"https:\/\/diarioparanaense.com\/index.php?rest_route=\/wp\/v2\/posts"}],"about":[{"href":"https:\/\/diarioparanaense.com\/index.php?rest_route=\/wp\/v2\/types\/post"}],"author":[{"embeddable":true,"href":"https:\/\/diarioparanaense.com\/index.php?rest_route=\/wp\/v2\/users\/1"}],"replies":[{"embeddable":true,"href":"https:\/\/diarioparanaense.com\/index.php?rest_route=%2Fwp%2Fv2%2Fcomments&post=2281"}],"version-history":[{"count":1,"href":"https:\/\/diarioparanaense.com\/index.php?rest_route=\/wp\/v2\/posts\/2281\/revisions"}],"predecessor-version":[{"id":2283,"href":"https:\/\/diarioparanaense.com\/index.php?rest_route=\/wp\/v2\/posts\/2281\/revisions\/2283"}],"wp:featuredmedia":[{"embeddable":true,"href":"https:\/\/diarioparanaense.com\/index.php?rest_route=\/wp\/v2\/media\/2282"}],"wp:attachment":[{"href":"https:\/\/diarioparanaense.com\/index.php?rest_route=%2Fwp%2Fv2%2Fmedia&parent=2281"}],"wp:term":[{"taxonomy":"category","embeddable":true,"href":"https:\/\/diarioparanaense.com\/index.php?rest_route=%2Fwp%2Fv2%2Fcategories&post=2281"},{"taxonomy":"post_tag","embeddable":true,"href":"https:\/\/diarioparanaense.com\/index.php?rest_route=%2Fwp%2Fv2%2Ftags&post=2281"}],"curies":[{"name":"wp","href":"https:\/\/api.w.org\/{rel}","templated":true}]}}