{"id":2274,"date":"2024-03-07T10:28:34","date_gmt":"2024-03-07T13:28:34","guid":{"rendered":"https:\/\/diarioparanaense.com\/?p=2274"},"modified":"2024-03-07T10:28:35","modified_gmt":"2024-03-07T13:28:35","slug":"esportes-adaptados-aumentam-autoestima-e-confianca","status":"publish","type":"post","link":"https:\/\/diarioparanaense.com\/?p=2274","title":{"rendered":"Esportes adaptados aumentam autoestima e confian\u00e7a"},"content":{"rendered":"\n<p class=\"has-medium-font-size\">Acessibilidade n\u00f3s esportes, subestimada por\u00e9m poderosa<\/p>\n\n\n\n<p>\u00c0 medida que Curitiba se prepara para acolher a \u201cEtapa Sul da Copa Brasil de Xadrez para Deficientes Visuais\u201d, \u00e9 importante para trazer \u00e0 tona os benef\u00edcios que o esporte adaptado oferece \u2013 n\u00e3o apenas para os atletas com defici\u00eancia visual, mas para a sociedade como um todo. O evento, que ocorrer\u00e1 entre os dias 08 e 10 de mar\u00e7o, \u00e9 promovido pela Associa\u00e7\u00e3o Al\u00e9m da Vis\u00e3o n\u00e3o \u00e9 apenas uma competi\u00e7\u00e3o, mas sim um abra\u00e7o aos valores de inclus\u00e3o e acessibilidade ao esporte.<\/p>\n\n\n\n<p>Podemos ver isso em uma frase de Edemir Silva representante do Al\u00e9m da Vis\u00e3o, &#8220;Todos os esportes adaptados, sejam eles mentais ou f\u00edsicos s\u00e3o uma for\u00e7a transformativa para a autoestima e a autoconfian\u00e7a, inigual\u00e1vel na promo\u00e7\u00e3o da seguran\u00e7a pessoal e da inclus\u00e3o social.&#8221; Tais benef\u00edcios destacam a import\u00e2ncia de criar oportunidades esportivas que sejam acess\u00edveis para todos, independentemente de suas limita\u00e7\u00f5es. Tendo em vista que Inclus\u00e3o e Acessibilidade s\u00e3o os lemas da AAV.<\/p>\n\n\n\n<p>A movimenta\u00e7\u00e3o em dire\u00e7\u00e3o ao esporte adaptado reflete reconhecimento crescente da necessidade de uma vida e um bem-estar f\u00edsicos e mentais para todos. Adaptar regras, localidades e materiais \u00e9 essencial para permitir que pessoas com defici\u00eancia participem de uma variedade de esportes e isso representa um passo adiante na pr\u00e1tica. O evento de xadrez para pessoas com defici\u00eancia visual \u00e9 exemplo pr\u00e1tico de como isso pode ser feito, garantindo que ningu\u00e9m seja impedido de competir e se envolver em atividades esportivas.<\/p>\n\n\n\n<p>Como tal, \u00e9 essencial considerar e ir al\u00e9m de quest\u00f5es legais na organiza\u00e7\u00e3o de eventos esportivos adaptados que promovam a inclus\u00e3o e a acessibilidade. Isso pode incluir a averigua\u00e7\u00e3o de leis que isentem pessoas com defici\u00eancia de taxas de inscri\u00e7\u00e3o, bem como a possibilidade da oferta de descontos ou meia-entrada como incentivos adicionais. Tais pr\u00e1ticas podem facilitar a inclus\u00e3o financeira e mostrar um compromisso com a cria\u00e7\u00e3o de uma sociedade mais acolhedora e inclusiva.<\/p>\n\n\n\n<p>Na verdade, a \u201cEtapa Sul da Copa Brasil de Xadrez para Deficientes Visuais\u201d em Curitiba \u00e9 mais do que um evento esportivo. \u00c9 uma declara\u00e7\u00e3o sobre o valor da inclus\u00e3o e da acessibilidade no esporte. Ao destacar os talentos de atletas com defici\u00eancia visual e ao promover o esporte adaptado, o evento serve como uma lembran\u00e7a essencial de que o esporte \u00e9 uma for\u00e7a majeutica para o bem social, capaz de transformar vidas e construir comunidades mais fortes e inclusivas.<\/p>\n\n\n\n<p>Em suma, a realiza\u00e7\u00e3o deste evento permitir\u00e1 n\u00e3o s\u00f3 a celebra\u00e7\u00e3o das conquistas dos enxadristas com defici\u00eancia visual, mas tamb\u00e9m destacar\u00e1 a import\u00e2ncia de adaptar o esporte para que ele seja acess\u00edvel a todos. \u00c9 um passo essencial rumo a uma sociedade em que a inclus\u00e3o e a acessibilidade no esporte n\u00e3o apenas s\u00e3o valorizadas, mas totalmente integradas.<\/p>\n\n\n\n<p><strong>Servi\u00e7o: Etapa Sul da Copa Brasil de Xadrez para Deficientes Visuais<br>Edenir Silva<br><\/strong>Vice-presidente e Diretor de Esportes<br>41 99693-1115<br>@associa\u00e7\u00e3oalemdavisao<br>edenirsilva@yahoo.com.br<br><a href=\"http:\/\/associacaoalemdavisao.org.br\/quem-somos\/\" target=\"_blank\" rel=\"noreferrer noopener\">http:\/\/associacaoalemdavisao.org.br\/quem-somos\/<br><\/a>Rua Desembargador Antonio de Paula, 1609 \u2013 Boqueir\u00e3o\u00a0\u2013\u00a0Curitiba\/PR<\/p>\n","protected":false},"excerpt":{"rendered":"<p>Acessibilidade n\u00f3s esportes, subestimada por\u00e9m poderosa \u00c0 medida que Curitiba se prepara para acolher a \u201cEtapa Sul da Copa Brasil de Xadrez para Deficientes Visuais\u201d, \u00e9 importante para trazer \u00e0 tona os benef\u00edcios que o esporte adaptado oferece \u2013 n\u00e3o apenas para os atletas com defici\u00eancia visual, mas para a sociedade como um todo. O [&hellip;]<\/p>\n","protected":false},"author":1,"featured_media":2275,"comment_status":"open","ping_status":"open","sticky":false,"template":"","format":"standard","meta":{"footnotes":""},"categories":[159],"tags":[],"class_list":["post-2274","post","type-post","status-publish","format-standard","has-post-thumbnail","hentry","category-esportes"],"_links":{"self":[{"href":"https:\/\/diarioparanaense.com\/index.php?rest_route=\/wp\/v2\/posts\/2274","targetHints":{"allow":["GET"]}}],"collection":[{"href":"https:\/\/diarioparanaense.com\/index.php?rest_route=\/wp\/v2\/posts"}],"about":[{"href":"https:\/\/diarioparanaense.com\/index.php?rest_route=\/wp\/v2\/types\/post"}],"author":[{"embeddable":true,"href":"https:\/\/diarioparanaense.com\/index.php?rest_route=\/wp\/v2\/users\/1"}],"replies":[{"embeddable":true,"href":"https:\/\/diarioparanaense.com\/index.php?rest_route=%2Fwp%2Fv2%2Fcomments&post=2274"}],"version-history":[{"count":1,"href":"https:\/\/diarioparanaense.com\/index.php?rest_route=\/wp\/v2\/posts\/2274\/revisions"}],"predecessor-version":[{"id":2276,"href":"https:\/\/diarioparanaense.com\/index.php?rest_route=\/wp\/v2\/posts\/2274\/revisions\/2276"}],"wp:featuredmedia":[{"embeddable":true,"href":"https:\/\/diarioparanaense.com\/index.php?rest_route=\/wp\/v2\/media\/2275"}],"wp:attachment":[{"href":"https:\/\/diarioparanaense.com\/index.php?rest_route=%2Fwp%2Fv2%2Fmedia&parent=2274"}],"wp:term":[{"taxonomy":"category","embeddable":true,"href":"https:\/\/diarioparanaense.com\/index.php?rest_route=%2Fwp%2Fv2%2Fcategories&post=2274"},{"taxonomy":"post_tag","embeddable":true,"href":"https:\/\/diarioparanaense.com\/index.php?rest_route=%2Fwp%2Fv2%2Ftags&post=2274"}],"curies":[{"name":"wp","href":"https:\/\/api.w.org\/{rel}","templated":true}]}}