{"id":2267,"date":"2024-03-06T09:46:27","date_gmt":"2024-03-06T12:46:27","guid":{"rendered":"https:\/\/diarioparanaense.com\/?p=2267"},"modified":"2024-03-06T09:46:27","modified_gmt":"2024-03-06T12:46:27","slug":"mes-da-mulher-amigos-do-hc-promove-bazar-com-itens-a-partir-de-r250","status":"publish","type":"post","link":"https:\/\/diarioparanaense.com\/?p=2267","title":{"rendered":"M\u00eas da Mulher: Amigos do HC promove bazar com itens a partir de R$2,50"},"content":{"rendered":"\n<p class=\"has-medium-font-size\">Todo valor arrecadado ser\u00e1 revertido para a revitaliza\u00e7\u00e3o do Hospital Victor Ferreira do Amaral<\/p>\n\n\n\n<p>No dia 9 de mar\u00e7o, das 9h \u00e0s 18h, a Associa\u00e7\u00e3o dos Amigos do HC promove um &#8220;Bazar do M\u00eas da Mulher&#8221; com pe\u00e7as de vestu\u00e1rio feminino e masculino, cal\u00e7ados, cama, mesa e banho, al\u00e9m de diversos acess\u00f3rios. Todas as pe\u00e7as estar\u00e3o com valores promocionais, a partir de R$2,50 e com desconto de 50% do valor da etiqueta. Os produtos vendidos s\u00e3o seminovos e usados, doados pela comunidade.<\/p>\n\n\n\n<p>N\u00e3o h\u00e1 limite de itens para compra. O atendimento \u00e9 por ordem de chegada, sem senha. Pagamentos podem ser feitos com cart\u00f5es de d\u00e9bito, cr\u00e9dito, PIX e dinheiro, com parcelamento em at\u00e9 tr\u00eas vezes (parcelas m\u00ednimas de R$50,00 com taxa).<\/p>\n\n\n\n<p>Todo o valor arrecadado com as vendas do bazar ser\u00e1 revertido para a revitaliza\u00e7\u00e3o do Hospital Victor Ferreira do Amaral, especializado na sa\u00fade da mulher.<\/p>\n\n\n\n<p>O novo hospital \u00e9 um marco para a sa\u00fade p\u00fablica do Paran\u00e1. Equipado com uma estrutura completa e ambiente humanizado, o local oferece atendimento integral, com especialidades em ginecologia, consultas, exames e cirurgias de pequeno e m\u00e9dio porte na modalidade hospital-dia. O atendimento, que \u00e9 100% pelo Sistema \u00danico de Sa\u00fade (SUS), \u00e9 proporcionado pelo maior complexo hospitalar p\u00fablico do estado, o Hospital de Cl\u00ednicas da UFPR.<\/p>\n\n\n\n<p class=\"has-medium-font-size\">Servi\u00e7o:<\/p>\n\n\n\n<p><strong>Bazar dos Amigos do HC<br>Data<\/strong>: 9 de mar\u00e7o<br><strong>Hor\u00e1rio<\/strong>: das 9h \u00e0s 18h<br><strong>Endere\u00e7o<\/strong>: Loja dos Amigos do HC (Rua Agostinho Le\u00e3o J\u00fanior, 336,\u00a0Alto\u00a0da\u00a0Gl\u00f3ria)<\/p>\n","protected":false},"excerpt":{"rendered":"<p>Todo valor arrecadado ser\u00e1 revertido para a revitaliza\u00e7\u00e3o do Hospital Victor Ferreira do Amaral No dia 9 de mar\u00e7o, das 9h \u00e0s 18h, a Associa\u00e7\u00e3o dos Amigos do HC promove um &#8220;Bazar do M\u00eas da Mulher&#8221; com pe\u00e7as de vestu\u00e1rio feminino e masculino, cal\u00e7ados, cama, mesa e banho, al\u00e9m de diversos acess\u00f3rios. Todas as pe\u00e7as [&hellip;]<\/p>\n","protected":false},"author":1,"featured_media":2268,"comment_status":"open","ping_status":"open","sticky":false,"template":"","format":"standard","meta":{"footnotes":""},"categories":[424],"tags":[],"class_list":["post-2267","post","type-post","status-publish","format-standard","has-post-thumbnail","hentry","category-curitiba"],"_links":{"self":[{"href":"https:\/\/diarioparanaense.com\/index.php?rest_route=\/wp\/v2\/posts\/2267","targetHints":{"allow":["GET"]}}],"collection":[{"href":"https:\/\/diarioparanaense.com\/index.php?rest_route=\/wp\/v2\/posts"}],"about":[{"href":"https:\/\/diarioparanaense.com\/index.php?rest_route=\/wp\/v2\/types\/post"}],"author":[{"embeddable":true,"href":"https:\/\/diarioparanaense.com\/index.php?rest_route=\/wp\/v2\/users\/1"}],"replies":[{"embeddable":true,"href":"https:\/\/diarioparanaense.com\/index.php?rest_route=%2Fwp%2Fv2%2Fcomments&post=2267"}],"version-history":[{"count":1,"href":"https:\/\/diarioparanaense.com\/index.php?rest_route=\/wp\/v2\/posts\/2267\/revisions"}],"predecessor-version":[{"id":2269,"href":"https:\/\/diarioparanaense.com\/index.php?rest_route=\/wp\/v2\/posts\/2267\/revisions\/2269"}],"wp:featuredmedia":[{"embeddable":true,"href":"https:\/\/diarioparanaense.com\/index.php?rest_route=\/wp\/v2\/media\/2268"}],"wp:attachment":[{"href":"https:\/\/diarioparanaense.com\/index.php?rest_route=%2Fwp%2Fv2%2Fmedia&parent=2267"}],"wp:term":[{"taxonomy":"category","embeddable":true,"href":"https:\/\/diarioparanaense.com\/index.php?rest_route=%2Fwp%2Fv2%2Fcategories&post=2267"},{"taxonomy":"post_tag","embeddable":true,"href":"https:\/\/diarioparanaense.com\/index.php?rest_route=%2Fwp%2Fv2%2Ftags&post=2267"}],"curies":[{"name":"wp","href":"https:\/\/api.w.org\/{rel}","templated":true}]}}