{"id":2261,"date":"2024-03-05T13:32:58","date_gmt":"2024-03-05T16:32:58","guid":{"rendered":"https:\/\/diarioparanaense.com\/?p=2261"},"modified":"2024-03-05T13:32:58","modified_gmt":"2024-03-05T16:32:58","slug":"projeto-dorcas-ja-impactou-45-mil-criancas-e-adolescentes-com-apoio-pedagogico-alimentacao-e-contraturno","status":"publish","type":"post","link":"https:\/\/diarioparanaense.com\/?p=2261","title":{"rendered":"Projeto Dorcas j\u00e1 impactou 4,5 mil crian\u00e7as e adolescentes com apoio pedag\u00f3gico, alimenta\u00e7\u00e3o e contraturno"},"content":{"rendered":"\n<p class=\"has-medium-font-size\">A\u00e7\u00e3o social em Almirante Tamandar\u00e9, no Paran\u00e1, recebe doa\u00e7\u00f5es e aportes de Imposto de Renda<\/p>\n\n\n\n<p>Para ter um impacto realmente transformador, um projeto social precisa contar com persist\u00eancia, qualifica\u00e7\u00e3o e amor genu\u00edno. Tudo isso \u00e9 vivido diariamente h\u00e1 29 anos no Projeto Dorcas, em Almirante Tamandar\u00e9 (PR), onde as atividades formativas e de contraturno escolar j\u00e1 alcan\u00e7aram 4,5 mil crian\u00e7as e adolescentes.<\/p>\n\n\n\n<p>\u201cO Dorcas tenta ressignificar a vida de crian\u00e7as e jovens com atividades e valores crist\u00e3os, e ficamos muito felizes em ver que eles n\u00e3o est\u00e3o mais abandonando a escola como antes, e isso faz com que a evas\u00e3o escolar comece a diminuir, a passos pequenos\u201d, comemora a diretora do projeto, Darcl\u00ea Susan Westphal da Cunha.<\/p>\n\n\n\n<p>Localizado \u00e0s margens da Rodovia dos Min\u00e9rios, no bairro Bonfim, o Dorcas est\u00e1 inserido em um dos maiores bols\u00f5es de pobreza do Vale do Ribeira. Apesar de estar na Regi\u00e3o Metropolitana de uma capital t\u00e3o bem conceituada como Curitiba, \u00e9 um lugar de condi\u00e7\u00f5es de moradia, educa\u00e7\u00e3o, saneamento b\u00e1sico e sa\u00fade prec\u00e1rias. Ali, por meio de muito planejamento e o trabalho de professores e volunt\u00e1rios, tem sido poss\u00edvel promover a inclus\u00e3o social e o desenvolvimento integral de muitas fam\u00edlias.<\/p>\n\n\n\n<p>Tudo come\u00e7ou em 1996, quando integrantes da Comunidade do Redentor, de Curitiba, viram a necessidade de promover o desenvolvimento humano integral na regi\u00e3o de Almirante Tamandar\u00e9. Para isso, investiu em atividades educacionais, culturais, esportivas a crian\u00e7as e adolescentes e capacita\u00e7\u00e3o profissional a adultos.<\/p>\n\n\n\n<p>Hoje, o Dorcas recebe diariamente cerca de 300 crian\u00e7as e adolescentes, de 4 a 21 anos, durante o contraturno escolar, com quatro refei\u00e7\u00f5es di\u00e1rias gratuitas e atividades pedag\u00f3gicas, art\u00edsticas, culturais e esportivas. A m\u00fasica (canto coral, flauta e metais), o refor\u00e7o escolar (alfabetiza\u00e7\u00e3o, matem\u00e1tica e portugu\u00eas), a educa\u00e7\u00e3o art\u00edstica, esportes, oficina de rob\u00f3tica, escotismo e empreendedorismo s\u00e3o alguns dos instrumentos na forma\u00e7\u00e3o integral das crian\u00e7as e adolescentes atendidos.<\/p>\n\n\n\n<p>A sede est\u00e1 em um terreno de 3.500 metros quadrados, com uma constru\u00e7\u00e3o de 800 metros quadrados, onde tem transformado a vida de centenas de fam\u00edlias em situa\u00e7\u00e3o de vulnerabilidade social. \u201cAgora precisamos ampliar para atender as 90 crian\u00e7as em fila de espera, mas n\u00e3o \u00e9 poss\u00edvel construir um barrac\u00e3o maior onde estamos\u201d, enfatiza a diretora. Contando com a solidariedade de todos, o Dorcas quer se manter e atender 500 crian\u00e7as e adolescentes at\u00e9 2030.<\/p>\n\n\n\n<p class=\"has-medium-font-size\">Financiamento<\/p>\n\n\n\n<p>Reconhecido pelo poder p\u00fablico e pela popula\u00e7\u00e3o local como uma entidade s\u00e9ria e comprometida com o bem estar da comunidade onde est\u00e1 inserido, o Dorcas busca aplicar com a m\u00e1xima efici\u00eancia e responsabilidade os recursos adquiridos atrav\u00e9s de doa\u00e7\u00f5es. Det\u00e9m o t\u00edtulo de Utilidade P\u00fablica Municipal e Estadual, que traz como benef\u00edcios o reconhecimento da idoneidade da institui\u00e7\u00e3o como prestadora de servi\u00e7os \u00e0 sociedade e sem fins lucrativos.<\/p>\n\n\n\n<p>A institui\u00e7\u00e3o \u00e9 tamb\u00e9m cadastrada no Fundo Municipal da Crian\u00e7a e do Adolescente, vinculado diretamente ao Conselho Municipal dos Direitos da Crian\u00e7a e do Adolescente (CMDCA) e ao conselho Municipal de A\u00e7\u00e3o Social (CMAS), de Almirante Tamandar\u00e9, o que constitui uma das diretrizes da pol\u00edtica de atendimento previstas no Estatuto da Crian\u00e7a e do Adolescente (ECA). Gra\u00e7as a isso, \u00e9 poss\u00edvel receber doa\u00e7\u00f5es oriundas da dedu\u00e7\u00e3o do Imposto de Renda (pessoa f\u00edsica e jur\u00eddica).<\/p>\n\n\n\n<p class=\"has-medium-font-size\">Saiba mais sobre o Dorcas<\/p>\n\n\n\n<p>O nome do nosso projeto \u00e9 inspirado numa personagem b\u00edblica que costurava para pobres e vi\u00favas e era amada por muitos. Foi com esse esp\u00edrito de bondade e amor que o projeto nasceu em 1996, quando membros da igreja luterana Comunidade do Redentor, em Curitiba, passaram a atender pessoas que chegavam no local em busca de ajuda, solicitando itens b\u00e1sicos.<\/p>\n\n\n\n<p>Ao constatar que a maioria delas era de Almirante Tamandar\u00e9, a 10 km de Curitiba, optou-se por instalar uma sede nessa cidade para desenvolver um trabalho social mais pr\u00f3ximo e efetivo. No in\u00edcio, atendia-se pessoas que chegavam \u00e0 igreja em busca de itens b\u00e1sicos. A partir de 2010, o Dorcas passou a ser administrado e mantido pela Associa\u00e7\u00e3o Evang\u00e9lica Cristo Redentor (AECRI), entidade privada sem fins lucrativos. Tamb\u00e9m deixou de ser assistencialista, assumindo um car\u00e1ter pedag\u00f3gico. A Comunidade Luterana do Redentor se mant\u00e9m at\u00e9 hoje como apoiadora.<\/p>\n\n\n\n<p>Alicer\u00e7ada na f\u00e9 crist\u00e3, sua miss\u00e3o \u00e9 atender crian\u00e7as e adolescentes em situa\u00e7\u00e3o de vulnerabilidade social e auxili\u00e1-las em suas necessidades b\u00e1sicas para que ganhem qualidade de vida, esperan\u00e7a e dignidade. Ao oferecer atividades pedag\u00f3gicas, art\u00edsticas, culturais e esportivas, de forma continuada e planejada, busca promover o desenvolvimento integral \u2013 f\u00edsico, psicol\u00f3gico e espiritual \u2013 dos jovens. A inten\u00e7\u00e3o \u00e9 ressignificar as adversidades e desenvolver as potencialidades e o protagonismo na vida dos educandos.<\/p>\n\n\n\n<p>Para isso, o Dorcas conta com um corpo t\u00e9cnico qualificado, composto por profissionais da \u00e1rea de servi\u00e7o social, m\u00fasica, esportes e artes, al\u00e9m de um grupo de volunt\u00e1rios e parceiros.<\/p>\n\n\n\n<p class=\"has-medium-font-size\">Nossos selos e certifica\u00e7\u00f5es<\/p>\n\n\n\n<p>Institui\u00e7\u00e3o certificada pelo Instituto Legado \u2022 Pr\u00eamio A\u00e7\u00e3o Solid\u00e1ria Paran\u00e1 \u2013 \u00c1rea Educa\u00e7\u00e3o 1\u00ba Lugar \u2022 Pr\u00eamio Impulso de Boas Pr\u00e1ticas no Terceiro Setor \u2013 Instituto GRPCOM \u2022 T\u00edtulo de Utilidade P\u00fablica Municipal e Estadual, que traz como benef\u00edcios o reconhecimento da idoneidade da institui\u00e7\u00e3o como prestadora de servi\u00e7os \u00e0 sociedade e sem fins lucrativos \u2022 Cadastrada no Fundo Municipal da Crian\u00e7a e do Adolescente, vinculado diretamente ao Conselho Municipal dos Direitos da Crian\u00e7a e do Adolescente (CMDCA) \u2022 Cadastrada no Conselho Municipal de A\u00e7\u00e3o Social (CMAS) de Almirante Tamandar\u00e9, o que constitui uma das diretrizes da pol\u00edtica de atendimento previstas no Estatuto da Crian\u00e7a e do Adolescente (ECA) \u2022 Cadastrada no Cadastro Nacional de Entidades de Assist\u00eancia Social (CNEAS) \u2022 Alinhada com os Objetivos de Desenvolvimento Sustent\u00e1vel, certificada com o Selo SESI ODS 2018.<\/p>\n\n\n\n<p class=\"has-medium-font-size\">AJUDE O DORCAS<\/p>\n\n\n\n<p><strong>BANCO ITA\u00da<\/strong><\/p>\n\n\n\n<p><strong>AECRI <\/strong>\u2013 Associa\u00e7\u00e3o Evang\u00e9lica Cristo Redentor<\/p>\n\n\n\n<p><strong>AG <\/strong>3721<\/p>\n\n\n\n<p><strong>Conta <\/strong>90.000-3<\/p>\n\n\n\n<p><strong>CNPJ <\/strong>07.983.650\/0001-43<\/p>\n\n\n\n<p><strong>Sobre o Dorcas:<\/strong> O Dorcas \u00e9 administrado pela Associa\u00e7\u00e3o Evang\u00e9lica Cristo Redentor (AECRI) e tem como principal apoiadora a Comunidade Luterana do Redentor, de Curitiba. Conta tamb\u00e9m com doa\u00e7\u00f5es de pessoas f\u00edsicas e jur\u00eddicas e de institui\u00e7\u00f5es parceiras. O Projeto Dorcas \u00e9 reconhecido pelo poder p\u00fablico e pela popula\u00e7\u00e3o local como uma entidade s\u00e9ria e comprometida com o bem estar da comunidade onde est\u00e1 inserida, o bairro Bonfim, em Almirante Tamandar\u00e9, buscando aplicar com a m\u00e1xima efici\u00eancia e responsabilidade os recursos adquiridos atrav\u00e9s\u00a0de\u00a0doa\u00e7\u00f5es.<\/p>\n","protected":false},"excerpt":{"rendered":"<p>A\u00e7\u00e3o social em Almirante Tamandar\u00e9, no Paran\u00e1, recebe doa\u00e7\u00f5es e aportes de Imposto de Renda Para ter um impacto realmente transformador, um projeto social precisa contar com persist\u00eancia, qualifica\u00e7\u00e3o e amor genu\u00edno. Tudo isso \u00e9 vivido diariamente h\u00e1 29 anos no Projeto Dorcas, em Almirante Tamandar\u00e9 (PR), onde as atividades formativas e de contraturno escolar [&hellip;]<\/p>\n","protected":false},"author":1,"featured_media":2262,"comment_status":"open","ping_status":"open","sticky":false,"template":"","format":"standard","meta":{"footnotes":""},"categories":[425],"tags":[],"class_list":["post-2261","post","type-post","status-publish","format-standard","has-post-thumbnail","hentry","category-parana"],"_links":{"self":[{"href":"https:\/\/diarioparanaense.com\/index.php?rest_route=\/wp\/v2\/posts\/2261","targetHints":{"allow":["GET"]}}],"collection":[{"href":"https:\/\/diarioparanaense.com\/index.php?rest_route=\/wp\/v2\/posts"}],"about":[{"href":"https:\/\/diarioparanaense.com\/index.php?rest_route=\/wp\/v2\/types\/post"}],"author":[{"embeddable":true,"href":"https:\/\/diarioparanaense.com\/index.php?rest_route=\/wp\/v2\/users\/1"}],"replies":[{"embeddable":true,"href":"https:\/\/diarioparanaense.com\/index.php?rest_route=%2Fwp%2Fv2%2Fcomments&post=2261"}],"version-history":[{"count":1,"href":"https:\/\/diarioparanaense.com\/index.php?rest_route=\/wp\/v2\/posts\/2261\/revisions"}],"predecessor-version":[{"id":2263,"href":"https:\/\/diarioparanaense.com\/index.php?rest_route=\/wp\/v2\/posts\/2261\/revisions\/2263"}],"wp:featuredmedia":[{"embeddable":true,"href":"https:\/\/diarioparanaense.com\/index.php?rest_route=\/wp\/v2\/media\/2262"}],"wp:attachment":[{"href":"https:\/\/diarioparanaense.com\/index.php?rest_route=%2Fwp%2Fv2%2Fmedia&parent=2261"}],"wp:term":[{"taxonomy":"category","embeddable":true,"href":"https:\/\/diarioparanaense.com\/index.php?rest_route=%2Fwp%2Fv2%2Fcategories&post=2261"},{"taxonomy":"post_tag","embeddable":true,"href":"https:\/\/diarioparanaense.com\/index.php?rest_route=%2Fwp%2Fv2%2Ftags&post=2261"}],"curies":[{"name":"wp","href":"https:\/\/api.w.org\/{rel}","templated":true}]}}