{"id":2258,"date":"2024-03-05T13:31:00","date_gmt":"2024-03-05T16:31:00","guid":{"rendered":"https:\/\/diarioparanaense.com\/?p=2258"},"modified":"2024-03-05T13:31:00","modified_gmt":"2024-03-05T16:31:00","slug":"primeira-carreata-pelas-mulheres-do-parana","status":"publish","type":"post","link":"https:\/\/diarioparanaense.com\/?p=2258","title":{"rendered":"Primeira carreata pelas mulheres do Paran\u00e1"},"content":{"rendered":"\n<p class=\"has-medium-font-size\">Aplicativo de carona feminina comemora o dia das mulheres em Curitiba<\/p>\n\n\n\n<p>O Paran\u00e1 se prepara para um evento \u00fanico que promete criar um marco na celebra\u00e7\u00e3o do Dia Internacional da Mulher de forma inovadora e empoderadora. A empresa de caronas de mulher para mulher, conhecida como Drivers Mulheres idealizada por Cristiane Bernardes e Ana Maria Ant\u00f4nio Wisniewski que est\u00e3o organizando a primeira carreata do estado em homenagem a todas as mulheres empoderadas e trabalhadoras que lutam diariamente por igualdade e seguran\u00e7a. Este aplicativo, onde somente mulheres trabalham e s\u00e3o atendidas, deseja criar um ambiente de seguran\u00e7a e empatia, redefinindo o conceito de mobilidade urbana para o p\u00fablico feminino.<\/p>\n\n\n\n<p>Agendada para o dia 9 de mar\u00e7o, a carreata em Curitiba n\u00e3o \u00e9 apenas um evento festivo, mas tamb\u00e9m um ato de conscientiza\u00e7\u00e3o sobre a import\u00e2ncia do empoderamento feminino e da seguran\u00e7a das mulheres no setor de transportes. Decorados com bal\u00f5es os ve\u00edculos ir\u00e3o partir do pal\u00e1cio Igua\u00e7u diversas vias da cidade, conduzidos por motoristas da plataforma Drivers Mulheres e outras convidadas, demonstrando uni\u00e3o e for\u00e7a em uma das \u00e1reas mais desafiadoras para as mulheres: o transporte.<\/p>\n\n\n\n<p>Esta iniciativa \u00fanica vai al\u00e9m de uma celebra\u00e7\u00e3o; ela destaca a empresa como um modelo de inova\u00e7\u00e3o e seguran\u00e7a, oferecendo n\u00e3o somente um servi\u00e7o essencial para as mulheres, mas tamb\u00e9m oportunidades de emprego que valorizam a independ\u00eancia financeira e o bem-estar feminino. O evento visa igualmente chamar aten\u00e7\u00e3o para os desafios enfrentados pelas mulheres em ambientes dominados por homens e a necessidade de espa\u00e7os seguros e respeitosos.<\/p>\n\n\n\n<p>A repercuss\u00e3o esperada para a carreata inclui n\u00e3o apenas a visibilidade nas ruas de Curitiba mas tamb\u00e9m uma forte presen\u00e7a nas redes sociais, planejando utilizar este momento para compartilhar mensagens de for\u00e7a, como por exemplo dito por uma admiradora, &#8220;Que honra, Ana Maria Wisniewski e Cristiane Bernardes! Voc\u00eas s\u00e3o verdadeiras inspira\u00e7\u00f5es na luta pela mobilidade urbana feminina aqui no Paran\u00e1. Gra\u00e7as \u00e0 coragem e determina\u00e7\u00e3o de voc\u00eas, as mulheres t\u00eam ganhado voz e espa\u00e7o nas ruas, reivindicando o direito \u00e0 seguran\u00e7a e \u00e0 igualdade no tr\u00e2nsito. Neste Dia das Mulheres, celebramos a for\u00e7a e a resili\u00eancia de todas as mulheres que, como voc\u00eas, lutam por um mundo mais inclusivo e justo. Que a carreata que voc\u00eas idealizaram seja apenas o come\u00e7o de muitas conquistas e avan\u00e7os. Parab\u00e9ns por essa iniciativa incr\u00edvel!&#8221;, desta forma podemos ver como este evento est\u00e1 dando destaque, empoderando e a mostrando import\u00e2ncia na cria\u00e7\u00e3o de ambientes seguros para as mulheres, tanto no aspecto f\u00edsico quanto no profissional<\/p>\n\n\n\n<p>Este evento n\u00e3o apenas honrar\u00e1 o Dia Internacional da Mulher mas tamb\u00e9m servir\u00e1 como um incentivo para futuras iniciativas inovadoras e solid\u00e1rias de promover transforma\u00e7\u00f5es significativas. A carreata organizada pela Drivers Mulheres no Paran\u00e1 \u00e9 um passo audacioso em dire\u00e7\u00e3o ao empoderamento feminino, evidenciando que a uni\u00e3o e a inova\u00e7\u00e3o podem abrir caminhos para um futuro mais igualit\u00e1rio e seguro para todas as mulheres.<\/p>\n\n\n\n<p><strong>Servi\u00e7o<\/strong>: Drivers Mulheres<br><strong>App de transporte exclusivo de mulher para mulher<br><\/strong>(41) 99789-3305 (Cristiane Bernardes)<br>(41) 99743-3935 (Ana Maria Ant\u00f4nio Wisniewski)<br><strong>Instagram<\/strong>: @driversmulheres<br><strong>Android e IOS<\/strong>: Drivers Mulheres &#8211; Passageira | Drivers Mulheres &#8211; Motorista<br><a href=\"http:\/\/www.driversmulheres.com.br\">www.driversmulheres.com.br<\/a><\/p>\n","protected":false},"excerpt":{"rendered":"<p>Aplicativo de carona feminina comemora o dia das mulheres em Curitiba O Paran\u00e1 se prepara para um evento \u00fanico que promete criar um marco na celebra\u00e7\u00e3o do Dia Internacional da Mulher de forma inovadora e empoderadora. A empresa de caronas de mulher para mulher, conhecida como Drivers Mulheres idealizada por Cristiane Bernardes e Ana Maria [&hellip;]<\/p>\n","protected":false},"author":1,"featured_media":2259,"comment_status":"open","ping_status":"open","sticky":false,"template":"","format":"standard","meta":{"footnotes":""},"categories":[425],"tags":[],"class_list":["post-2258","post","type-post","status-publish","format-standard","has-post-thumbnail","hentry","category-parana"],"_links":{"self":[{"href":"https:\/\/diarioparanaense.com\/index.php?rest_route=\/wp\/v2\/posts\/2258","targetHints":{"allow":["GET"]}}],"collection":[{"href":"https:\/\/diarioparanaense.com\/index.php?rest_route=\/wp\/v2\/posts"}],"about":[{"href":"https:\/\/diarioparanaense.com\/index.php?rest_route=\/wp\/v2\/types\/post"}],"author":[{"embeddable":true,"href":"https:\/\/diarioparanaense.com\/index.php?rest_route=\/wp\/v2\/users\/1"}],"replies":[{"embeddable":true,"href":"https:\/\/diarioparanaense.com\/index.php?rest_route=%2Fwp%2Fv2%2Fcomments&post=2258"}],"version-history":[{"count":1,"href":"https:\/\/diarioparanaense.com\/index.php?rest_route=\/wp\/v2\/posts\/2258\/revisions"}],"predecessor-version":[{"id":2260,"href":"https:\/\/diarioparanaense.com\/index.php?rest_route=\/wp\/v2\/posts\/2258\/revisions\/2260"}],"wp:featuredmedia":[{"embeddable":true,"href":"https:\/\/diarioparanaense.com\/index.php?rest_route=\/wp\/v2\/media\/2259"}],"wp:attachment":[{"href":"https:\/\/diarioparanaense.com\/index.php?rest_route=%2Fwp%2Fv2%2Fmedia&parent=2258"}],"wp:term":[{"taxonomy":"category","embeddable":true,"href":"https:\/\/diarioparanaense.com\/index.php?rest_route=%2Fwp%2Fv2%2Fcategories&post=2258"},{"taxonomy":"post_tag","embeddable":true,"href":"https:\/\/diarioparanaense.com\/index.php?rest_route=%2Fwp%2Fv2%2Ftags&post=2258"}],"curies":[{"name":"wp","href":"https:\/\/api.w.org\/{rel}","templated":true}]}}