{"id":2255,"date":"2024-03-05T13:29:01","date_gmt":"2024-03-05T16:29:01","guid":{"rendered":"https:\/\/diarioparanaense.com\/?p=2255"},"modified":"2024-03-05T13:29:02","modified_gmt":"2024-03-05T16:29:02","slug":"priorizando-a-saude-mental-das-mulheres-no-dia-internacional-da-mulher","status":"publish","type":"post","link":"https:\/\/diarioparanaense.com\/?p=2255","title":{"rendered":"Priorizando a Sa\u00fade Mental das Mulheres no Dia Internacional da Mulher."},"content":{"rendered":"\n<p class=\"has-medium-font-size\">A mente saud\u00e1vel leva a um corpo saud\u00e1vel<\/p>\n\n\n\n<p>\u00c0 medida que celebramos o Dia Internacional da Mulher, \u00e9 fundamental destacar a import\u00e2ncia de cuidar da sa\u00fade psicol\u00f3gica das mulheres em meio aos desafios enfrentados diariamente. A dupla jornada de trabalho, o estresse, a ansiedade e a responsabilidade da maternidade s\u00e3o apenas alguns dos fardos que muitas mulheres carregam, muitas vezes sem a ajuda ou sensibilidade adequada dos pais de seus filhos.<\/p>\n\n\n\n<p>Estudos realizados por universidades renomadas t\u00eam demonstrado que as mulheres enfrentam uma carga desproporcional de depress\u00e3o e ansiedade em compara\u00e7\u00e3o com os homens. Essas condi\u00e7\u00f5es podem ser exacerbadas pelas m\u00faltiplas responsabilidades que as mulheres assumem em suas vidas pessoais e profissionais.<\/p>\n\n\n\n<p>Al\u00e9m disso, \u00e9 importante reconhecer o sofrimento que muitas mulheres enfrentam devido \u00e0 viol\u00eancia verbal e f\u00edsica provocada por homens agressivos e desequilibrados. Esses comportamentos abusivos n\u00e3o apenas afetam a sa\u00fade mental das mulheres, mas tamb\u00e9m colocam em risco sua seguran\u00e7a e bem-estar f\u00edsico.<\/p>\n\n\n\n<p>Neste contexto, buscar ajuda psicol\u00f3gica pode ser ainda mais crucial para as mulheres que enfrentam situa\u00e7\u00f5es de viol\u00eancia e abuso. Um profissional qualificado pode oferecer o suporte necess\u00e1rio para lidar com traumas, desenvolver estrat\u00e9gias de seguran\u00e7a e reconstruir a autoestima e o empoderamento.<\/p>\n\n\n\n<p>No Dia Internacional da Mulher, vamos refor\u00e7ar nosso compromisso em priorizar a sa\u00fade mental das mulheres, oferecendo-lhes o suporte e os recursos necess\u00e1rios para enfrentar os desafios com resili\u00eancia e determina\u00e7\u00e3o. Ao faz\u00ea-lo, n\u00e3o s\u00f3 estamos investindo no bem-estar individual das mulheres, mas tamb\u00e9m construindo uma sociedade mais segura, justa e igualit\u00e1ria para todos.<\/p>\n\n\n\n<p><strong>Luti Christ\u00f3foro<br><\/strong>Psic\u00f3logo cl\u00ednico.<br><strong>WhatsApp<\/strong>: (41) 99809-8887<br><strong>Instagram<\/strong>: @luti_psicologo<br><strong>e-mail:<\/strong> lutipsicologo@gmail.com<\/p>\n","protected":false},"excerpt":{"rendered":"<p>A mente saud\u00e1vel leva a um corpo saud\u00e1vel \u00c0 medida que celebramos o Dia Internacional da Mulher, \u00e9 fundamental destacar a import\u00e2ncia de cuidar da sa\u00fade psicol\u00f3gica das mulheres em meio aos desafios enfrentados diariamente. A dupla jornada de trabalho, o estresse, a ansiedade e a responsabilidade da maternidade s\u00e3o apenas alguns dos fardos que [&hellip;]<\/p>\n","protected":false},"author":1,"featured_media":2256,"comment_status":"open","ping_status":"open","sticky":false,"template":"","format":"standard","meta":{"footnotes":""},"categories":[164],"tags":[],"class_list":["post-2255","post","type-post","status-publish","format-standard","has-post-thumbnail","hentry","category-saude-2"],"_links":{"self":[{"href":"https:\/\/diarioparanaense.com\/index.php?rest_route=\/wp\/v2\/posts\/2255","targetHints":{"allow":["GET"]}}],"collection":[{"href":"https:\/\/diarioparanaense.com\/index.php?rest_route=\/wp\/v2\/posts"}],"about":[{"href":"https:\/\/diarioparanaense.com\/index.php?rest_route=\/wp\/v2\/types\/post"}],"author":[{"embeddable":true,"href":"https:\/\/diarioparanaense.com\/index.php?rest_route=\/wp\/v2\/users\/1"}],"replies":[{"embeddable":true,"href":"https:\/\/diarioparanaense.com\/index.php?rest_route=%2Fwp%2Fv2%2Fcomments&post=2255"}],"version-history":[{"count":1,"href":"https:\/\/diarioparanaense.com\/index.php?rest_route=\/wp\/v2\/posts\/2255\/revisions"}],"predecessor-version":[{"id":2257,"href":"https:\/\/diarioparanaense.com\/index.php?rest_route=\/wp\/v2\/posts\/2255\/revisions\/2257"}],"wp:featuredmedia":[{"embeddable":true,"href":"https:\/\/diarioparanaense.com\/index.php?rest_route=\/wp\/v2\/media\/2256"}],"wp:attachment":[{"href":"https:\/\/diarioparanaense.com\/index.php?rest_route=%2Fwp%2Fv2%2Fmedia&parent=2255"}],"wp:term":[{"taxonomy":"category","embeddable":true,"href":"https:\/\/diarioparanaense.com\/index.php?rest_route=%2Fwp%2Fv2%2Fcategories&post=2255"},{"taxonomy":"post_tag","embeddable":true,"href":"https:\/\/diarioparanaense.com\/index.php?rest_route=%2Fwp%2Fv2%2Ftags&post=2255"}],"curies":[{"name":"wp","href":"https:\/\/api.w.org\/{rel}","templated":true}]}}